{"id":12217,"date":"2025-09-29T18:18:28","date_gmt":"2025-09-29T18:18:28","guid":{"rendered":"https:\/\/www.djurskyddet.se\/landskrona\/?p=12217"},"modified":"2025-12-26T15:24:58","modified_gmt":"2025-12-26T15:24:58","slug":"nyhetsbrev-september-2025","status":"publish","type":"post","link":"https:\/\/www.djurskyddet.se\/landskrona\/aktuellt\/nyhetsbrev-september-2025\/","title":{"rendered":"Nyhetsbrev september 2025"},"content":{"rendered":"\n<figure class=\"wp-block-image size-large\"><img loading=\"lazy\" decoding=\"async\" width=\"768\" height=\"1024\" src=\"https:\/\/www.djurskyddet.se\/landskrona\/wp-content\/uploads\/sites\/22\/2025\/10\/ladda-ned-768x1024.jpg\" alt=\"\" class=\"wp-image-12127\" \/><\/figure>\n\n\n\n<p>Vi avslutade sommaren med att vara med p\u00e5 ett bl\u00e5sigt Borstahusdagen 23 augusti. Det var trevligt som alltid med mycket folk. 13 september var vi p\u00e5 plats p\u00e5 orkid\u00e9utst\u00e4llning p\u00e5 Curla. 20 september tr\u00e4ffades ett antal djurskyddsf\u00f6reningar och privatpersoner som jobbar med heml\u00f6sa katter i \u00c5labodarna. Anna Lundvall fr\u00e5n Djurskyddet Sverige f\u00f6rel\u00e4ste om lagar och regler som g\u00e4ller vid omh\u00e4ndertagande och omplacering av heml\u00f6sa katter. \u00c4ven om olika f\u00f6reningar jobbar olika \u00e4r det v\u00e4rdefullt och till stor hj\u00e4lp att jobba tillsammans f\u00f6r att klara det stora antalet \u00f6vergivna katter. Vi jobbar vidare med ett projekt p\u00e5 en g\u00e5rd utanf\u00f6r Landskrona d\u00e4r vi f\u00e5tt ett n\u00f6drop om ett antal katter. Vi har hittills f\u00e5ngat in 10 katter. 21 september gick en transport norrut med 21 katter, varav 10 katter fr\u00e5n Djurskyddet Landskrona .<\/p>\n\n\n\n<p>I september har vi tagit in 4 kattungar som nu finns i v\u00e5ra jourhem. I nul\u00e4get har vi 13 aktiva jourhem. I dessa har vi just nu 30 katter inklusive kattungar. Vi har adopterat ut 6 vuxna katter och 6 kattungar.<\/p>\n\n\n\n<p><em>Kommande h\u00e4ndelser:<\/em><\/p>\n\n\n\n<p><em>&#8211; Volont\u00e4rstr\u00e4ff s\u00f6ndagen 26 oktober kl 14.00. Hemma hos en styrelsemedlem. Alla \u00e4r v\u00e4lkomna, om du \u00e4r intresserad mejla oss p\u00e5 landskrona@djurskyddet.se<\/em><\/p>\n\n\n\n<p><em>&#8211; Heml\u00f6sa katters vecka 20-26 oktober, en temavecka p\u00e5 initiativ fr\u00e5n djurmatsf\u00f6retaget Mjau. Vi kommer att ha insamlingsl\u00e5da p\u00e5 Coop Borstahusen och kommer att uppm\u00e4rksamma veckan p\u00e5 sociala medier.<\/em><\/p>\n\n\n\n<p><em>&#8211; Hund- och kattm\u00e4ssa p\u00e5 Folkets Hus l\u00f6rdagen 25 oktober kl 10.00- 15.00<\/em><\/p>\n\n\n\n<p>PS: \u00c4r du medlem i Djurskyddet Landskrona? Meddela oss din mejladress p\u00e5 landskrona@djurskyddet.se s\u00e5 f\u00e5r du v\u00e5rt nyhetsbrev direkt till din inkorg: DS<\/p>\n","protected":false},"excerpt":{"rendered":"<p>Vi avslutade sommaren med att vara med p\u00e5 ett bl\u00e5sigt Borstahusdagen 23 augusti. Det var trevligt som alltid med mycket folk. 13 september var vi p\u00e5 plats p\u00e5 orkid\u00e9utst\u00e4llning p\u00e5 Curla. 20 september tr\u00e4ffades ett antal djurskyddsf\u00f6reningar och privatpersoner som jobbar med heml\u00f6sa katter i \u00c5labodarna. Anna Lundvall fr\u00e5n Djurskyddet Sverige f\u00f6rel\u00e4ste om lagar och regler som g\u00e4ller vid omh\u00e4ndertagande och omplacering av heml\u00f6sa katter. \u00c4ven om olika f\u00f6reningar jobbar&hellip;<\/p>\n<p><a class=\"more-link\" href=\"https:\/\/www.djurskyddet.se\/landskrona\/aktuellt\/nyhetsbrev-september-2025\/\" title=\"Continue reading &lsquo;Nyhetsbrev september 2025&rsquo;\">L&auml;s mer<span class=\"meta-nav\">&raquo;<\/span><\/a><\/p>\n","protected":false},"author":27,"featured_media":0,"comment_status":"closed","ping_status":"open","sticky":false,"template":"","format":"standard","meta":{"_acf_changed":false,"footnotes":""},"categories":[24],"tags":[],"class_list":["post-12217","post","type-post","status-publish","format-standard","hentry","category-aktuellt"],"acf":[],"_links":{"self":[{"href":"https:\/\/www.djurskyddet.se\/landskrona\/wp-json\/wp\/v2\/posts\/12217","targetHints":{"allow":["GET"]}}],"collection":[{"href":"https:\/\/www.djurskyddet.se\/landskrona\/wp-json\/wp\/v2\/posts"}],"about":[{"href":"https:\/\/www.djurskyddet.se\/landskrona\/wp-json\/wp\/v2\/types\/post"}],"author":[{"embeddable":true,"href":"https:\/\/www.djurskyddet.se\/landskrona\/wp-json\/wp\/v2\/users\/27"}],"replies":[{"embeddable":true,"href":"https:\/\/www.djurskyddet.se\/landskrona\/wp-json\/wp\/v2\/comments?post=12217"}],"version-history":[{"count":3,"href":"https:\/\/www.djurskyddet.se\/landskrona\/wp-json\/wp\/v2\/posts\/12217\/revisions"}],"predecessor-version":[{"id":12220,"href":"https:\/\/www.djurskyddet.se\/landskrona\/wp-json\/wp\/v2\/posts\/12217\/revisions\/12220"}],"wp:attachment":[{"href":"https:\/\/www.djurskyddet.se\/landskrona\/wp-json\/wp\/v2\/media?parent=12217"}],"wp:term":[{"taxonomy":"category","embeddable":true,"href":"https:\/\/www.djurskyddet.se\/landskrona\/wp-json\/wp\/v2\/categories?post=12217"},{"taxonomy":"post_tag","embeddable":true,"href":"https:\/\/www.djurskyddet.se\/landskrona\/wp-json\/wp\/v2\/tags?post=12217"}],"curies":[{"name":"wp","href":"https:\/\/api.w.org\/{rel}","templated":true}]}}