{"id":12240,"date":"2025-11-23T19:32:49","date_gmt":"2025-11-23T19:32:49","guid":{"rendered":"https:\/\/www.djurskyddet.se\/landskrona\/?p=12240"},"modified":"2025-12-01T19:35:57","modified_gmt":"2025-12-01T19:35:57","slug":"sombrero-och-doritos-2","status":"publish","type":"post","link":"https:\/\/www.djurskyddet.se\/landskrona\/senaste-nytt\/sombrero-och-doritos-2\/","title":{"rendered":"Sombrero och Doritos"},"content":{"rendered":"\n<figure class=\"wp-block-image size-full\"><img loading=\"lazy\" decoding=\"async\" width=\"768\" height=\"717\" src=\"https:\/\/www.djurskyddet.se\/landskrona\/wp-content\/uploads\/sites\/22\/2025\/10\/Sombrero-och-Dorritos-e1760548193473.jpg\" alt=\"\" class=\"wp-image-12152\" srcset=\"https:\/\/www.djurskyddet.se\/landskrona\/wp-content\/uploads\/sites\/22\/2025\/10\/Sombrero-och-Dorritos-e1760548193473.jpg 768w, https:\/\/www.djurskyddet.se\/landskrona\/wp-content\/uploads\/sites\/22\/2025\/10\/Sombrero-och-Dorritos-e1760548193473-300x280.jpg 300w, https:\/\/www.djurskyddet.se\/landskrona\/wp-content\/uploads\/sites\/22\/2025\/10\/Sombrero-och-Dorritos-e1760548193473-400x373.jpg 400w\" sizes=\"auto, (max-width: 768px) 100vw, 768px\" \/><\/figure>\n\n\n\n<p>Bj\u00f6rnligan p\u00e5 v\u00e4g mot nya \u00e4ventyr! Idag har de flyttat till sitt nya hem.<\/p>\n\n\n\n<p>Vi \u00e4r br\u00f6der och tycker mycket om varandra och vill g\u00e4rna flytta ihop. V\u00e5r matte kallar oss Bj\u00f6rnligan. Finns du d\u00e4r ute som vill ha 2 n\u00e4stan exakt lika katter till utseendet men totalt olika i s\u00e4ttet. Sombrero, jag \u00e4r den som syns och h\u00f6rs hela tiden. Jag ber\u00e4ttar h\u00f6gt och tydligt vad jag g\u00f6r och vad jag vill. Har ganska h\u00f6ga krav p\u00e5 livet och dig som ska bo med mig. En fantastiskt fram\u00e5t kille men har lite sv\u00e5rt att t\u00e4nka p\u00e5 konsekvenser av det jag g\u00f6r. Fast n\u00e5gra hyss har jag aldrig gjort, ha ha ha! Doritos, jag \u00e4r busig som bara den men eftert\u00e4nksam, \u00e4r noga med att allt ska g\u00e5 r\u00e4tt till och gillar att mysa. Vi kan flytta vecka 46 ungef\u00e4r. (D\u00e5 har de blivit kastrerade)<\/p>\n\n\n\n<p><strong>Sombrero och Doritos<\/strong>&nbsp;\u00e4r:<\/p>\n\n\n\n<p>\ud83d\udc9aChipm\u00e4rkta<\/p>\n\n\n\n<p>\ud83d\udc9aVaccinerade<\/p>\n\n\n\n<p>\ud83d\udc9a Vill flytta tillsammans<\/p>\n\n\n\n<p>Adoptionsavgift: 4000:- (2000:- per katt)<\/p>\n\n\n\n<p>\u00c4r&nbsp;<strong>Sombrero och Doritos&nbsp;<\/strong>katterna f\u00f6r dig? Skicka in din intresseanm\u00e4lan till oss! \u2b07\ufe0f<\/p>\n","protected":false},"excerpt":{"rendered":"<p>Bj\u00f6rnligan p\u00e5 v\u00e4g mot nya \u00e4ventyr! Idag har de flyttat till sitt nya hem. Vi \u00e4r br\u00f6der och tycker mycket om varandra och vill g\u00e4rna flytta ihop. V\u00e5r matte kallar oss Bj\u00f6rnligan. Finns du d\u00e4r ute som vill ha 2 n\u00e4stan exakt lika katter till utseendet men totalt olika i s\u00e4ttet. Sombrero, jag \u00e4r den som syns och h\u00f6rs hela tiden. Jag ber\u00e4ttar h\u00f6gt och tydligt vad jag g\u00f6r och&hellip;<\/p>\n<p><a class=\"more-link\" href=\"https:\/\/www.djurskyddet.se\/landskrona\/senaste-nytt\/sombrero-och-doritos-2\/\" title=\"Continue reading &lsquo;Sombrero och Doritos&rsquo;\">L&auml;s mer<span class=\"meta-nav\">&raquo;<\/span><\/a><\/p>\n","protected":false},"author":27,"featured_media":0,"comment_status":"closed","ping_status":"open","sticky":false,"template":"","format":"standard","meta":{"_acf_changed":false,"footnotes":""},"categories":[18],"tags":[],"class_list":["post-12240","post","type-post","status-publish","format-standard","hentry","category-senaste-nytt"],"acf":[],"_links":{"self":[{"href":"https:\/\/www.djurskyddet.se\/landskrona\/wp-json\/wp\/v2\/posts\/12240","targetHints":{"allow":["GET"]}}],"collection":[{"href":"https:\/\/www.djurskyddet.se\/landskrona\/wp-json\/wp\/v2\/posts"}],"about":[{"href":"https:\/\/www.djurskyddet.se\/landskrona\/wp-json\/wp\/v2\/types\/post"}],"author":[{"embeddable":true,"href":"https:\/\/www.djurskyddet.se\/landskrona\/wp-json\/wp\/v2\/users\/27"}],"replies":[{"embeddable":true,"href":"https:\/\/www.djurskyddet.se\/landskrona\/wp-json\/wp\/v2\/comments?post=12240"}],"version-history":[{"count":2,"href":"https:\/\/www.djurskyddet.se\/landskrona\/wp-json\/wp\/v2\/posts\/12240\/revisions"}],"predecessor-version":[{"id":12242,"href":"https:\/\/www.djurskyddet.se\/landskrona\/wp-json\/wp\/v2\/posts\/12240\/revisions\/12242"}],"wp:attachment":[{"href":"https:\/\/www.djurskyddet.se\/landskrona\/wp-json\/wp\/v2\/media?parent=12240"}],"wp:term":[{"taxonomy":"category","embeddable":true,"href":"https:\/\/www.djurskyddet.se\/landskrona\/wp-json\/wp\/v2\/categories?post=12240"},{"taxonomy":"post_tag","embeddable":true,"href":"https:\/\/www.djurskyddet.se\/landskrona\/wp-json\/wp\/v2\/tags?post=12240"}],"curies":[{"name":"wp","href":"https:\/\/api.w.org\/{rel}","templated":true}]}}