{"id":12453,"date":"2026-03-06T14:47:08","date_gmt":"2026-03-06T14:47:08","guid":{"rendered":"https:\/\/www.djurskyddet.se\/landskrona\/?p=12453"},"modified":"2026-03-13T14:57:38","modified_gmt":"2026-03-13T14:57:38","slug":"jolle-2","status":"publish","type":"post","link":"https:\/\/www.djurskyddet.se\/landskrona\/senaste-nytt\/jolle-2\/","title":{"rendered":"Jolle"},"content":{"rendered":"\n<figure class=\"wp-block-image size-full\"><img loading=\"lazy\" decoding=\"async\" width=\"720\" height=\"954\" src=\"https:\/\/www.djurskyddet.se\/landskrona\/wp-content\/uploads\/sites\/22\/2026\/02\/Jolle-e1770553436876.jpg\" alt=\"\" class=\"wp-image-12367\" srcset=\"https:\/\/www.djurskyddet.se\/landskrona\/wp-content\/uploads\/sites\/22\/2026\/02\/Jolle-e1770553436876.jpg 720w, https:\/\/www.djurskyddet.se\/landskrona\/wp-content\/uploads\/sites\/22\/2026\/02\/Jolle-e1770553436876-226x300.jpg 226w, https:\/\/www.djurskyddet.se\/landskrona\/wp-content\/uploads\/sites\/22\/2026\/02\/Jolle-e1770553436876-400x530.jpg 400w\" sizes=\"auto, (max-width: 720px) 100vw, 720px\" \/><\/figure>\n\n\n\n<p>Fina Jolle har flyttat till sitt f\u00f6r-alltid-hem. <\/p>\n\n\n\n<p>Jag \u00e4r en lite os\u00e4ker katt. Det beror mest p\u00e5 att det finns andra katter h\u00e4r i jourhemmet och det tycker jag \u00e4r ett on\u00f6digt inslag. Jag gillar inte n\u00e4r de \u00e4r f\u00f6r mycket r\u00f6relse utan beh\u00f6ver lugn och ro. Allts\u00e5 inte f\u00f6r sm\u00e5 barn. Men n\u00e4r de \u00e4r lugnt och jag b\u00f6rjat lita p\u00e5 dig \u00e4r jag mysig. Jag har l\u00e5ng eller semil\u00e5ng p\u00e4ls s\u00e5 den beh\u00f6ver du hj\u00e4lpa mig med. Ganska enkelt men varje dag f\u00e5r vi ta ett litet tag med borsten. Mina favoritplatser \u00e4r s\u00e4ngen, datorstolen och f\u00f6nstret. Tycker om att titta ut och t\u00e4nka p\u00e5 hur bra jag har det nu n\u00e4r jag slipper vara d\u00e4r ute i kylan. Jag har inte varit inne s\u00e5 l\u00e4nge men eftersom jag inte trivs med de andra katterna s\u00e5 beh\u00f6ver jag flytta till ett hem d\u00e4r jag kan f\u00e5 vila upp mig i lugn och ro och bli katt igen. Det tar tid s\u00e4ger m\u00e4nniskorna n\u00e4r man varit ute l\u00e4nge att landa. Jag har sovit mycket.<\/p>\n\n\n\n<p><strong>Jolle<\/strong>&nbsp;\u00e4r:<\/p>\n\n\n\n<p>\ud83d\udc9aKastrerad<\/p>\n\n\n\n<p>\ud83d\udc9aChipm\u00e4rkt<\/p>\n\n\n\n<p>\ud83d\udc9aVaccinerad<\/p>\n\n\n\n<p>Adoptionsavgift: 2000:-<\/p>\n","protected":false},"excerpt":{"rendered":"<p>Fina Jolle har flyttat till sitt f\u00f6r-alltid-hem. Jag \u00e4r en lite os\u00e4ker katt. Det beror mest p\u00e5 att det finns andra katter h\u00e4r i jourhemmet och det tycker jag \u00e4r ett on\u00f6digt inslag. Jag gillar inte n\u00e4r de \u00e4r f\u00f6r mycket r\u00f6relse utan beh\u00f6ver lugn och ro. Allts\u00e5 inte f\u00f6r sm\u00e5 barn. Men n\u00e4r de \u00e4r lugnt och jag b\u00f6rjat lita p\u00e5 dig \u00e4r jag mysig. Jag har l\u00e5ng eller&hellip;<\/p>\n<p><a class=\"more-link\" href=\"https:\/\/www.djurskyddet.se\/landskrona\/senaste-nytt\/jolle-2\/\" title=\"Continue reading &lsquo;Jolle&rsquo;\">L&auml;s mer<span class=\"meta-nav\">&raquo;<\/span><\/a><\/p>\n","protected":false},"author":27,"featured_media":0,"comment_status":"closed","ping_status":"open","sticky":false,"template":"","format":"standard","meta":{"_acf_changed":false,"footnotes":""},"categories":[18],"tags":[],"class_list":["post-12453","post","type-post","status-publish","format-standard","hentry","category-senaste-nytt"],"acf":[],"_links":{"self":[{"href":"https:\/\/www.djurskyddet.se\/landskrona\/wp-json\/wp\/v2\/posts\/12453","targetHints":{"allow":["GET"]}}],"collection":[{"href":"https:\/\/www.djurskyddet.se\/landskrona\/wp-json\/wp\/v2\/posts"}],"about":[{"href":"https:\/\/www.djurskyddet.se\/landskrona\/wp-json\/wp\/v2\/types\/post"}],"author":[{"embeddable":true,"href":"https:\/\/www.djurskyddet.se\/landskrona\/wp-json\/wp\/v2\/users\/27"}],"replies":[{"embeddable":true,"href":"https:\/\/www.djurskyddet.se\/landskrona\/wp-json\/wp\/v2\/comments?post=12453"}],"version-history":[{"count":2,"href":"https:\/\/www.djurskyddet.se\/landskrona\/wp-json\/wp\/v2\/posts\/12453\/revisions"}],"predecessor-version":[{"id":12456,"href":"https:\/\/www.djurskyddet.se\/landskrona\/wp-json\/wp\/v2\/posts\/12453\/revisions\/12456"}],"wp:attachment":[{"href":"https:\/\/www.djurskyddet.se\/landskrona\/wp-json\/wp\/v2\/media?parent=12453"}],"wp:term":[{"taxonomy":"category","embeddable":true,"href":"https:\/\/www.djurskyddet.se\/landskrona\/wp-json\/wp\/v2\/categories?post=12453"},{"taxonomy":"post_tag","embeddable":true,"href":"https:\/\/www.djurskyddet.se\/landskrona\/wp-json\/wp\/v2\/tags?post=12453"}],"curies":[{"name":"wp","href":"https:\/\/api.w.org\/{rel}","templated":true}]}}