{"id":12460,"date":"2026-03-08T15:00:40","date_gmt":"2026-03-08T15:00:40","guid":{"rendered":"https:\/\/www.djurskyddet.se\/landskrona\/?p=12460"},"modified":"2026-03-13T15:06:28","modified_gmt":"2026-03-13T15:06:28","slug":"sten-och-stina-2","status":"publish","type":"post","link":"https:\/\/www.djurskyddet.se\/landskrona\/senaste-nytt\/sten-och-stina-2\/","title":{"rendered":"Sten och Stina"},"content":{"rendered":"\n<figure class=\"wp-block-image size-full\"><img loading=\"lazy\" decoding=\"async\" width=\"820\" height=\"1024\" src=\"https:\/\/www.djurskyddet.se\/landskrona\/wp-content\/uploads\/sites\/22\/2024\/11\/Sten-och-Stina.jpg\" alt=\"\" class=\"wp-image-11510\" srcset=\"https:\/\/www.djurskyddet.se\/landskrona\/wp-content\/uploads\/sites\/22\/2024\/11\/Sten-och-Stina.jpg 820w, https:\/\/www.djurskyddet.se\/landskrona\/wp-content\/uploads\/sites\/22\/2024\/11\/Sten-och-Stina-240x300.jpg 240w, https:\/\/www.djurskyddet.se\/landskrona\/wp-content\/uploads\/sites\/22\/2024\/11\/Sten-och-Stina-768x959.jpg 768w, https:\/\/www.djurskyddet.se\/landskrona\/wp-content\/uploads\/sites\/22\/2024\/11\/Sten-och-Stina-400x500.jpg 400w\" sizes=\"auto, (max-width: 820px) 100vw, 820px\" \/><\/figure>\n\n\n\n<p>En lyckans dag f\u00f6r Sten och Stina, de f\u00e5r stanna i jourhemmet och forts\u00e4tta vara tillsammans.<\/p>\n\n\n\n<p>Sten: Min jourmatte kallar mig Sten, marod\u00f6ren, inte f\u00f6r jag \u00e4r elak utan f\u00f6r att jag kastar mig vilt p\u00e5 golvet, visar magen och vill kela, men in emellan\u00e5t nibbla lite p\u00e5 hennes fingrar. Jag \u00e4r ett 4-\u00e5rigt fd heml\u00f6st charmtroll med hyss p\u00e5 agendan som \u00e4lskar att prata. Jag \u00e4r kelen n\u00e4r jag till\u00e5ter det men d\u00e5 njuter jag desto mer. Jag blir avundsjuk p\u00e5 min syster Stina n\u00e4r hon f\u00e5r uppm\u00e4rksamhet och tr\u00e4nger mig f\u00f6rbi henne och vill ha matte f\u00f6r mig sj\u00e4lv. Men jag \u00e4lskar min syster, jag vill flytta tillsammans med henne, vi \u00e4r oskiljaktiga. Jag \u00e4lskar kokt fisk d\u00e5 jamar jag av lycka, \u00e4lskar att unders\u00f6ka allt och l\u00e4ngtar till den dagen n\u00e4r jag kan f\u00e5 komma ut och jaga m\u00f6ss igen. \u00c4lskar prassliga tidningar och tunnlar och favoriten fj\u00e4dervippan. Jag vill verkligen hitta r\u00e4tt husse och matte som jag kan busa och kela med, men ni m\u00e5ste ha t\u00e5lamod, k\u00e4rlek m\u00e5ste f\u00f6rtj\u00e4nas. Jag blir en superkatt som kommer ge mycket gl\u00e4dje och som minskar antalet m\u00f6ss i er n\u00e4rhet.<\/p>\n\n\n\n<p>Stina: Jag \u00e4r Stina, en lugn tjej p\u00e5 4 \u00e5r som \u00e4lskar att bli kliad l\u00e4nge, speciellt p\u00e5 morgon och kv\u00e4ll, men inga hastiga r\u00f6relser, lugnt och fint s\u00e5 spinner jag tills du g\u00e5r din v\u00e4g. Klarar \u00e4ven av att bli kliad p\u00e5 magen. F\u00f6r ett \u00e5r sedan var jag heml\u00f6s s\u00e5 detta \u00e4r ett fantastiskt steg f\u00f6r mig. Min bror Sten \u00e4r burdus och skr\u00e4mmer mig lite ibland med sin framfart, han \u00e4r lite tokig men jag \u00e4lskar honom. Jag \u00e4r dock den kloka kluriga kisen i familjen. Sover mycket, men n\u00e4r jag v\u00e4l kommer ig\u00e5ng att busa s\u00e5 \u00e4r det fart p\u00e5 mig. Jag \u00e4lskar kokt fisk n\u00e4r det bjuds, jag har en lugnare framtoning \u00e4n min bror, tar dagen med ro. Jag sitter inte i kn\u00e4et men ligger g\u00e4rna i n\u00e4rheten av matte, g\u00e4rna i f\u00f6nstret eller en h\u00e4rlig f\u00e5t\u00f6lj. Jag vill ha tillg\u00e5ng till utevistelse. Jag vill flytta tillsammans med min bror Sten. Vi \u00e4r oskiljbara.<\/p>\n\n\n\n<p><strong>Sten och Stina<\/strong> \u00e4r:<\/p>\n\n\n\n<p>\ud83d\udc9aKastrerade<\/p>\n\n\n\n<p>\ud83d\udc9a Chipm\u00e4rkta<\/p>\n\n\n\n<p>\ud83d\udc9a Vaccinerade<\/p>\n\n\n\n<pre class=\"wp-block-preformatted\"><\/pre>\n\n\n\n<p>Adoptionsavgift: 4000:- (2000:- per katt)<\/p>\n\n\n\n<p>\u00c4r <strong>Sten och Stina<\/strong>&nbsp;katterna f\u00f6r dig? Skicka in din intresseanm\u00e4lan till oss! \u2b07\ufe0f<\/p>\n\n\n\n<p><\/p>\n","protected":false},"excerpt":{"rendered":"<p>En lyckans dag f\u00f6r Sten och Stina, de f\u00e5r stanna i jourhemmet och forts\u00e4tta vara tillsammans. Sten: Min jourmatte kallar mig Sten, marod\u00f6ren, inte f\u00f6r jag \u00e4r elak utan f\u00f6r att jag kastar mig vilt p\u00e5 golvet, visar magen och vill kela, men in emellan\u00e5t nibbla lite p\u00e5 hennes fingrar. Jag \u00e4r ett 4-\u00e5rigt fd heml\u00f6st charmtroll med hyss p\u00e5 agendan som \u00e4lskar att prata. Jag \u00e4r kelen n\u00e4r jag&hellip;<\/p>\n<p><a class=\"more-link\" href=\"https:\/\/www.djurskyddet.se\/landskrona\/senaste-nytt\/sten-och-stina-2\/\" title=\"Continue reading &lsquo;Sten och Stina&rsquo;\">L&auml;s mer<span class=\"meta-nav\">&raquo;<\/span><\/a><\/p>\n","protected":false},"author":27,"featured_media":0,"comment_status":"closed","ping_status":"open","sticky":false,"template":"","format":"standard","meta":{"_acf_changed":false,"footnotes":""},"categories":[18],"tags":[],"class_list":["post-12460","post","type-post","status-publish","format-standard","hentry","category-senaste-nytt"],"acf":[],"_links":{"self":[{"href":"https:\/\/www.djurskyddet.se\/landskrona\/wp-json\/wp\/v2\/posts\/12460","targetHints":{"allow":["GET"]}}],"collection":[{"href":"https:\/\/www.djurskyddet.se\/landskrona\/wp-json\/wp\/v2\/posts"}],"about":[{"href":"https:\/\/www.djurskyddet.se\/landskrona\/wp-json\/wp\/v2\/types\/post"}],"author":[{"embeddable":true,"href":"https:\/\/www.djurskyddet.se\/landskrona\/wp-json\/wp\/v2\/users\/27"}],"replies":[{"embeddable":true,"href":"https:\/\/www.djurskyddet.se\/landskrona\/wp-json\/wp\/v2\/comments?post=12460"}],"version-history":[{"count":1,"href":"https:\/\/www.djurskyddet.se\/landskrona\/wp-json\/wp\/v2\/posts\/12460\/revisions"}],"predecessor-version":[{"id":12461,"href":"https:\/\/www.djurskyddet.se\/landskrona\/wp-json\/wp\/v2\/posts\/12460\/revisions\/12461"}],"wp:attachment":[{"href":"https:\/\/www.djurskyddet.se\/landskrona\/wp-json\/wp\/v2\/media?parent=12460"}],"wp:term":[{"taxonomy":"category","embeddable":true,"href":"https:\/\/www.djurskyddet.se\/landskrona\/wp-json\/wp\/v2\/categories?post=12460"},{"taxonomy":"post_tag","embeddable":true,"href":"https:\/\/www.djurskyddet.se\/landskrona\/wp-json\/wp\/v2\/tags?post=12460"}],"curies":[{"name":"wp","href":"https:\/\/api.w.org\/{rel}","templated":true}]}}