{"id":12503,"date":"2025-04-18T16:52:00","date_gmt":"2025-04-18T16:52:00","guid":{"rendered":"https:\/\/www.djurskyddet.se\/landskrona\/?p=12503"},"modified":"2026-04-06T16:58:14","modified_gmt":"2026-04-06T16:58:14","slug":"aladin-2","status":"publish","type":"post","link":"https:\/\/www.djurskyddet.se\/landskrona\/senaste-nytt\/aladin-2\/","title":{"rendered":"Aladin"},"content":{"rendered":"\n<figure class=\"wp-block-image size-full\"><img loading=\"lazy\" decoding=\"async\" width=\"660\" height=\"800\" src=\"https:\/\/www.djurskyddet.se\/landskrona\/wp-content\/uploads\/sites\/22\/2025\/02\/Aladin-e1739908828970.jpg\" alt=\"\" class=\"wp-image-11644\" srcset=\"https:\/\/www.djurskyddet.se\/landskrona\/wp-content\/uploads\/sites\/22\/2025\/02\/Aladin-e1739908828970.jpg 660w, https:\/\/www.djurskyddet.se\/landskrona\/wp-content\/uploads\/sites\/22\/2025\/02\/Aladin-e1739908828970-248x300.jpg 248w, https:\/\/www.djurskyddet.se\/landskrona\/wp-content\/uploads\/sites\/22\/2025\/02\/Aladin-e1739908828970-400x485.jpg 400w\" sizes=\"auto, (max-width: 660px) 100vw, 660px\" \/><\/figure>\n\n\n\n<p>Aladin har flyttat till sitt f\u00f6r-alltid-hem!<\/p>\n\n\n\n<p>Tjohoo livet \u00e4r toppen! Jag blev dumpad p\u00e5 en parkering med en kompis, i flera dagar sprang vi efter alla m\u00e4nniskor vi s\u00e5g och skrek p\u00e5 hj\u00e4lp. Till slut var det en sn\u00e4ll m\u00e4nniska som ringde Djurskyddet och vi fick komma in. Nu \u00e4r allt toppen. Jag \u00e4lskar allt, ja verkligen allt. Mat, \u00e4lskar mat. Matte s\u00e4ger att du som ska adoptera mig f\u00e5r h\u00e5lla lite koll p\u00e5 min vikt. Ligga i s\u00e4ngen, \u00e4lskar att mysa d\u00e4r. Soffan, \u00e4lskar n\u00e4r Matte sitter d\u00e4r s\u00e5 vi kan kela. Leka, \u00e4lskar att leka med lite st\u00f6rre kattleksaker eller sm\u00e5 hundleksaker, bollar nja det g\u00e5r bort. Jag \u00e4r lite nyfiken p\u00e5 balkongen men det \u00e4r mest f\u00f6r att allt \u00e4r s\u00e5 bra nu och jag \u00e4r s\u00e5 nyfiken. En kille med mycket pondus och personlighet. Kan nog bo med andra katter men \u00e4r lite dominant s\u00e5 bo som ensamkatt \u00e4r nog inget problem. Oj jag gl\u00f6mde ber\u00e4tta att jag pratar lite ocks\u00e5.<\/p>\n\n\n\n<p><strong>Aladin<\/strong> \u00e4r:<\/p>\n\n\n\n<p>\ud83d\udc9a Chipm\u00e4rkt<\/p>\n\n\n\n<p>\ud83d\udc9a Vaccinerad<\/p>\n\n\n\n<p> \ud83d\udc9a Kastrerad<\/p>\n\n\n\n<p>Adoptionsavgift: 2000:-<\/p>\n\n\n\n<p>\u00c4r <strong>Aladin<\/strong>&nbsp;katten f\u00f6r dig? Skicka in din intresseanm\u00e4lan till oss! \u2b07\ufe0f<br><\/p>\n\n\n\n<p><\/p>\n","protected":false},"excerpt":{"rendered":"<p>Aladin har flyttat till sitt f\u00f6r-alltid-hem! Tjohoo livet \u00e4r toppen! Jag blev dumpad p\u00e5 en parkering med en kompis, i flera dagar sprang vi efter alla m\u00e4nniskor vi s\u00e5g och skrek p\u00e5 hj\u00e4lp. Till slut var det en sn\u00e4ll m\u00e4nniska som ringde Djurskyddet och vi fick komma in. Nu \u00e4r allt toppen. Jag \u00e4lskar allt, ja verkligen allt. Mat, \u00e4lskar mat. Matte s\u00e4ger att du som ska adoptera mig f\u00e5r&hellip;<\/p>\n<p><a class=\"more-link\" href=\"https:\/\/www.djurskyddet.se\/landskrona\/senaste-nytt\/aladin-2\/\" title=\"Continue reading &lsquo;Aladin&rsquo;\">L&auml;s mer<span class=\"meta-nav\">&raquo;<\/span><\/a><\/p>\n","protected":false},"author":27,"featured_media":0,"comment_status":"closed","ping_status":"open","sticky":false,"template":"","format":"standard","meta":{"_acf_changed":false,"footnotes":""},"categories":[18],"tags":[],"class_list":["post-12503","post","type-post","status-publish","format-standard","hentry","category-senaste-nytt"],"acf":[],"_links":{"self":[{"href":"https:\/\/www.djurskyddet.se\/landskrona\/wp-json\/wp\/v2\/posts\/12503","targetHints":{"allow":["GET"]}}],"collection":[{"href":"https:\/\/www.djurskyddet.se\/landskrona\/wp-json\/wp\/v2\/posts"}],"about":[{"href":"https:\/\/www.djurskyddet.se\/landskrona\/wp-json\/wp\/v2\/types\/post"}],"author":[{"embeddable":true,"href":"https:\/\/www.djurskyddet.se\/landskrona\/wp-json\/wp\/v2\/users\/27"}],"replies":[{"embeddable":true,"href":"https:\/\/www.djurskyddet.se\/landskrona\/wp-json\/wp\/v2\/comments?post=12503"}],"version-history":[{"count":2,"href":"https:\/\/www.djurskyddet.se\/landskrona\/wp-json\/wp\/v2\/posts\/12503\/revisions"}],"predecessor-version":[{"id":12506,"href":"https:\/\/www.djurskyddet.se\/landskrona\/wp-json\/wp\/v2\/posts\/12503\/revisions\/12506"}],"wp:attachment":[{"href":"https:\/\/www.djurskyddet.se\/landskrona\/wp-json\/wp\/v2\/media?parent=12503"}],"wp:term":[{"taxonomy":"category","embeddable":true,"href":"https:\/\/www.djurskyddet.se\/landskrona\/wp-json\/wp\/v2\/categories?post=12503"},{"taxonomy":"post_tag","embeddable":true,"href":"https:\/\/www.djurskyddet.se\/landskrona\/wp-json\/wp\/v2\/tags?post=12503"}],"curies":[{"name":"wp","href":"https:\/\/api.w.org\/{rel}","templated":true}]}}