{"id":12527,"date":"2026-04-09T18:30:20","date_gmt":"2026-04-09T18:30:20","guid":{"rendered":"https:\/\/www.djurskyddet.se\/landskrona\/?p=12527"},"modified":"2026-04-21T18:35:06","modified_gmt":"2026-04-21T18:35:06","slug":"martha-2","status":"publish","type":"post","link":"https:\/\/www.djurskyddet.se\/landskrona\/senaste-nytt\/martha-2\/","title":{"rendered":"M\u00e4rtha"},"content":{"rendered":"\n<figure class=\"wp-block-image size-full\"><img loading=\"lazy\" decoding=\"async\" width=\"642\" height=\"887\" src=\"https:\/\/www.djurskyddet.se\/landskrona\/wp-content\/uploads\/sites\/22\/2026\/03\/Martha-e1773931095864.jpg\" alt=\"\" class=\"wp-image-12471\" srcset=\"https:\/\/www.djurskyddet.se\/landskrona\/wp-content\/uploads\/sites\/22\/2026\/03\/Martha-e1773931095864.jpg 642w, https:\/\/www.djurskyddet.se\/landskrona\/wp-content\/uploads\/sites\/22\/2026\/03\/Martha-e1773931095864-217x300.jpg 217w, https:\/\/www.djurskyddet.se\/landskrona\/wp-content\/uploads\/sites\/22\/2026\/03\/Martha-e1773931095864-400x553.jpg 400w\" sizes=\"auto, (max-width: 642px) 100vw, 642px\" \/><\/figure>\n\n\n\n<p>S\u00f6taste M\u00e4rtha har idag flyttat till sitt f\u00f6r-alltid-hem d\u00e4r hon f\u00e5r en kattkompis som heter Findus.<\/p>\n\n\n\n<p>Jag heter M\u00e4rtha och \u00e4r en liten tjej som v\u00e4ger mindre \u00e4n 3 kg. Jag \u00e4r nyfiken, tycker om att unders\u00f6ka nya saker och gillar godis. Nya m\u00e4nniskor g\u00f6r mig os\u00e4ker och n\u00e4r det kommer n\u00e5gon s\u00e5 g\u00f6mmer jag mig g\u00e4rna under s\u00e4ngen eller soffan.\u00a0 Jag har f\u00e5tt f\u00f6rtroende f\u00f6r jourhemsmatte och med henne \u00e4r jag b\u00e5de kelig och leksen. Jag har f\u00f6rst\u00e5tt att om jag st\u00e4ller mig vid hennes stol och piper lite s\u00e5 lyfter hon upp mig s\u00e5 att jag kan ligga i famnen och kela. D\u00e5 spinner jag s\u00e5 gott. Och om jag kastar mig i s\u00e4ngen s\u00e5 kommer hon och kelar med mig. N\u00e4r jag kom till jourhemmet blev jag j\u00e4tteglad f\u00f6r att h\u00e4r fanns en annan katt. Jag har mycket energi och t\u00e4nkte att vi skulle springa och leka och jaga varandra men han \u00e4r ganska tr\u00e5kig och vill inte springa fort med mig. N\u00e4r jag kommer och vill ligga hos honom och mysa s\u00e5 tycker han att jag tr\u00e4ngs trots att jag spinner s\u00e5 h\u00f6gt jag kan.<\/p>\n\n\n\n<p>Eftersom jag \u00e4r os\u00e4ker p\u00e5 nya m\u00e4nniskor s\u00e5 vill jag flytta till ett hem d\u00e4r man har t\u00e5lamod och \u00e4r beredd p\u00e5 att ge mig tid f\u00f6r att k\u00e4nna mig trygg. Om jag f\u00e5r det kommer ni att f\u00e5 en supersn\u00e4ll, gosig och rolig tjej. Ni ska ha tid att leka och kela j\u00e4ttemycket med mig. Fast helst vill jag att det finns en superbusig kattkompis som vill springa runt och leka j\u00e4ttemycket och sedan ligga och sova t\u00e4tt tillsammans med mig.<\/p>\n\n\n\n<p><strong>M\u00e4rtha<\/strong> \u00e4r:<\/p>\n\n\n\n<p>\ud83d\udc9a Chipm\u00e4rkt<\/p>\n\n\n\n<p>\ud83d\udc9a Vaccinerad<\/p>\n\n\n\n<p> \ud83d\udc9a Kastrerad<\/p>\n\n\n\n<p>Adoptionsavgift: 2000:-<\/p>\n\n\n\n<p>\u00c4r <strong>M\u00e4rtha<\/strong> katten f\u00f6r dig? Skicka in din intresseanm\u00e4lan till oss! \u2b07\ufe0f<\/p>\n","protected":false},"excerpt":{"rendered":"<p>S\u00f6taste M\u00e4rtha har idag flyttat till sitt f\u00f6r-alltid-hem d\u00e4r hon f\u00e5r en kattkompis som heter Findus. Jag heter M\u00e4rtha och \u00e4r en liten tjej som v\u00e4ger mindre \u00e4n 3 kg. Jag \u00e4r nyfiken, tycker om att unders\u00f6ka nya saker och gillar godis. Nya m\u00e4nniskor g\u00f6r mig os\u00e4ker och n\u00e4r det kommer n\u00e5gon s\u00e5 g\u00f6mmer jag mig g\u00e4rna under s\u00e4ngen eller soffan.\u00a0 Jag har f\u00e5tt f\u00f6rtroende f\u00f6r jourhemsmatte och med henne&hellip;<\/p>\n<p><a class=\"more-link\" href=\"https:\/\/www.djurskyddet.se\/landskrona\/senaste-nytt\/martha-2\/\" title=\"Continue reading &lsquo;M\u00e4rtha&rsquo;\">L&auml;s mer<span class=\"meta-nav\">&raquo;<\/span><\/a><\/p>\n","protected":false},"author":27,"featured_media":0,"comment_status":"closed","ping_status":"open","sticky":false,"template":"","format":"standard","meta":{"_acf_changed":false,"footnotes":""},"categories":[18],"tags":[],"class_list":["post-12527","post","type-post","status-publish","format-standard","hentry","category-senaste-nytt"],"acf":[],"_links":{"self":[{"href":"https:\/\/www.djurskyddet.se\/landskrona\/wp-json\/wp\/v2\/posts\/12527","targetHints":{"allow":["GET"]}}],"collection":[{"href":"https:\/\/www.djurskyddet.se\/landskrona\/wp-json\/wp\/v2\/posts"}],"about":[{"href":"https:\/\/www.djurskyddet.se\/landskrona\/wp-json\/wp\/v2\/types\/post"}],"author":[{"embeddable":true,"href":"https:\/\/www.djurskyddet.se\/landskrona\/wp-json\/wp\/v2\/users\/27"}],"replies":[{"embeddable":true,"href":"https:\/\/www.djurskyddet.se\/landskrona\/wp-json\/wp\/v2\/comments?post=12527"}],"version-history":[{"count":3,"href":"https:\/\/www.djurskyddet.se\/landskrona\/wp-json\/wp\/v2\/posts\/12527\/revisions"}],"predecessor-version":[{"id":12531,"href":"https:\/\/www.djurskyddet.se\/landskrona\/wp-json\/wp\/v2\/posts\/12527\/revisions\/12531"}],"wp:attachment":[{"href":"https:\/\/www.djurskyddet.se\/landskrona\/wp-json\/wp\/v2\/media?parent=12527"}],"wp:term":[{"taxonomy":"category","embeddable":true,"href":"https:\/\/www.djurskyddet.se\/landskrona\/wp-json\/wp\/v2\/categories?post=12527"},{"taxonomy":"post_tag","embeddable":true,"href":"https:\/\/www.djurskyddet.se\/landskrona\/wp-json\/wp\/v2\/tags?post=12527"}],"curies":[{"name":"wp","href":"https:\/\/api.w.org\/{rel}","templated":true}]}}