{"id":12550,"date":"2026-03-23T17:54:52","date_gmt":"2026-03-23T17:54:52","guid":{"rendered":"https:\/\/www.djurskyddet.se\/landskrona\/?p=12550"},"modified":"2026-04-30T18:03:35","modified_gmt":"2026-04-30T18:03:35","slug":"ninja","status":"publish","type":"post","link":"https:\/\/www.djurskyddet.se\/landskrona\/senaste-nytt\/ninja\/","title":{"rendered":"Ninja"},"content":{"rendered":"\n<figure class=\"wp-block-image size-full\"><img loading=\"lazy\" decoding=\"async\" width=\"722\" height=\"722\" src=\"https:\/\/www.djurskyddet.se\/landskrona\/wp-content\/uploads\/sites\/22\/2026\/04\/Ninja-e1777571931558.jpg\" alt=\"\" class=\"wp-image-12551\" srcset=\"https:\/\/www.djurskyddet.se\/landskrona\/wp-content\/uploads\/sites\/22\/2026\/04\/Ninja-e1777571931558.jpg 722w, https:\/\/www.djurskyddet.se\/landskrona\/wp-content\/uploads\/sites\/22\/2026\/04\/Ninja-e1777571931558-300x300.jpg 300w, https:\/\/www.djurskyddet.se\/landskrona\/wp-content\/uploads\/sites\/22\/2026\/04\/Ninja-e1777571931558-150x150.jpg 150w, https:\/\/www.djurskyddet.se\/landskrona\/wp-content\/uploads\/sites\/22\/2026\/04\/Ninja-e1777571931558-400x400.jpg 400w\" sizes=\"auto, (max-width: 722px) 100vw, 722px\" \/><\/figure>\n\n\n\n<p>Idag var det Ninjas tur att flytta till sitt f\u00f6r-alltid-hem!<\/p>\n\n\n\n<p>Jag \u00e4r en sn\u00e4ll \u00f6dmjuk liten dam som vill bo utan andra katter. En pratsjuk liten kattunge som uppskattar lugn och ro. De som tycker om mig tycker jag ocks\u00e5 om. Det \u00e4r inte s\u00e5 l\u00e4tt att visa vad man vill n\u00e4r man \u00e4r ledsen. Min \u00e4gare har g\u00e5tt bort och tack och lov kom jag till sn\u00e4lla m\u00e4nniskor.<\/p>\n\n\n\n<p><\/p>\n","protected":false},"excerpt":{"rendered":"<p>Idag var det Ninjas tur att flytta till sitt f\u00f6r-alltid-hem! Jag \u00e4r en sn\u00e4ll \u00f6dmjuk liten dam som vill bo utan andra katter. En pratsjuk liten kattunge som uppskattar lugn och ro. De som tycker om mig tycker jag ocks\u00e5 om. Det \u00e4r inte s\u00e5 l\u00e4tt att visa vad man vill n\u00e4r man \u00e4r ledsen. Min \u00e4gare har g\u00e5tt bort och tack och lov kom jag till sn\u00e4lla m\u00e4nniskor.<\/p>\n","protected":false},"author":27,"featured_media":0,"comment_status":"closed","ping_status":"open","sticky":false,"template":"","format":"standard","meta":{"_acf_changed":false,"footnotes":""},"categories":[18],"tags":[],"class_list":["post-12550","post","type-post","status-publish","format-standard","hentry","category-senaste-nytt"],"acf":[],"_links":{"self":[{"href":"https:\/\/www.djurskyddet.se\/landskrona\/wp-json\/wp\/v2\/posts\/12550","targetHints":{"allow":["GET"]}}],"collection":[{"href":"https:\/\/www.djurskyddet.se\/landskrona\/wp-json\/wp\/v2\/posts"}],"about":[{"href":"https:\/\/www.djurskyddet.se\/landskrona\/wp-json\/wp\/v2\/types\/post"}],"author":[{"embeddable":true,"href":"https:\/\/www.djurskyddet.se\/landskrona\/wp-json\/wp\/v2\/users\/27"}],"replies":[{"embeddable":true,"href":"https:\/\/www.djurskyddet.se\/landskrona\/wp-json\/wp\/v2\/comments?post=12550"}],"version-history":[{"count":2,"href":"https:\/\/www.djurskyddet.se\/landskrona\/wp-json\/wp\/v2\/posts\/12550\/revisions"}],"predecessor-version":[{"id":12554,"href":"https:\/\/www.djurskyddet.se\/landskrona\/wp-json\/wp\/v2\/posts\/12550\/revisions\/12554"}],"wp:attachment":[{"href":"https:\/\/www.djurskyddet.se\/landskrona\/wp-json\/wp\/v2\/media?parent=12550"}],"wp:term":[{"taxonomy":"category","embeddable":true,"href":"https:\/\/www.djurskyddet.se\/landskrona\/wp-json\/wp\/v2\/categories?post=12550"},{"taxonomy":"post_tag","embeddable":true,"href":"https:\/\/www.djurskyddet.se\/landskrona\/wp-json\/wp\/v2\/tags?post=12550"}],"curies":[{"name":"wp","href":"https:\/\/api.w.org\/{rel}","templated":true}]}}