{"id":6258,"date":"2020-03-07T17:47:39","date_gmt":"2020-03-07T17:47:39","guid":{"rendered":"https:\/\/www.djurskyddet.se\/landskrona\/?p=6258"},"modified":"2020-03-07T17:47:41","modified_gmt":"2020-03-07T17:47:41","slug":"pelle","status":"publish","type":"post","link":"https:\/\/www.djurskyddet.se\/landskrona\/senaste-nytt\/pelle\/","title":{"rendered":"Pelle"},"content":{"rendered":"\n<figure class=\"wp-block-image\"><img loading=\"lazy\" decoding=\"async\" width=\"601\" height=\"400\" src=\"https:\/\/www.djurskyddet.se\/landskrona\/wp-content\/uploads\/sites\/22\/2020\/01\/Pelle.jpg\" alt=\"\" class=\"wp-image-6087\" srcset=\"https:\/\/www.djurskyddet.se\/landskrona\/wp-content\/uploads\/sites\/22\/2020\/01\/Pelle.jpg 601w, https:\/\/www.djurskyddet.se\/landskrona\/wp-content\/uploads\/sites\/22\/2020\/01\/Pelle-300x200.jpg 300w, https:\/\/www.djurskyddet.se\/landskrona\/wp-content\/uploads\/sites\/22\/2020\/01\/Pelle-400x266.jpg 400w\" sizes=\"auto, (max-width: 601px) 100vw, 601px\" \/><\/figure>\n\n\n\n<p>Fantastiskt! Fina Pelle Svansl\u00f6s har nu f\u00e5tt ett nytt hem d\u00e4r han ska leva resten av sitt liv. Han f\u00e5r stanna i jourhemmet som han flyttades till i somras och d\u00e4r han har allt en katt kan \u00f6nska sig. Det \u00e4r han verkligen v\u00e4rd efter allt han g\u00e5tt genom. Vi \u00e4r s\u00e5 otroligt glada f\u00f6r Pelles skull \u2764\u2764\u2764<\/p>\n","protected":false},"excerpt":{"rendered":"<p>Fantastiskt! Fina Pelle Svansl\u00f6s har nu f\u00e5tt ett nytt hem d\u00e4r han ska leva resten av sitt liv. Han f\u00e5r stanna i jourhemmet som han flyttades till i somras och d\u00e4r han har allt en katt kan \u00f6nska sig. Det \u00e4r han verkligen v\u00e4rd efter allt han g\u00e5tt genom. Vi \u00e4r s\u00e5 otroligt glada f\u00f6r Pelles skull \u2764\u2764\u2764<\/p>\n","protected":false},"author":27,"featured_media":0,"comment_status":"closed","ping_status":"open","sticky":false,"template":"","format":"standard","meta":{"_acf_changed":false,"footnotes":""},"categories":[18],"tags":[],"class_list":["post-6258","post","type-post","status-publish","format-standard","hentry","category-senaste-nytt"],"acf":[],"_links":{"self":[{"href":"https:\/\/www.djurskyddet.se\/landskrona\/wp-json\/wp\/v2\/posts\/6258","targetHints":{"allow":["GET"]}}],"collection":[{"href":"https:\/\/www.djurskyddet.se\/landskrona\/wp-json\/wp\/v2\/posts"}],"about":[{"href":"https:\/\/www.djurskyddet.se\/landskrona\/wp-json\/wp\/v2\/types\/post"}],"author":[{"embeddable":true,"href":"https:\/\/www.djurskyddet.se\/landskrona\/wp-json\/wp\/v2\/users\/27"}],"replies":[{"embeddable":true,"href":"https:\/\/www.djurskyddet.se\/landskrona\/wp-json\/wp\/v2\/comments?post=6258"}],"version-history":[{"count":1,"href":"https:\/\/www.djurskyddet.se\/landskrona\/wp-json\/wp\/v2\/posts\/6258\/revisions"}],"predecessor-version":[{"id":6259,"href":"https:\/\/www.djurskyddet.se\/landskrona\/wp-json\/wp\/v2\/posts\/6258\/revisions\/6259"}],"wp:attachment":[{"href":"https:\/\/www.djurskyddet.se\/landskrona\/wp-json\/wp\/v2\/media?parent=6258"}],"wp:term":[{"taxonomy":"category","embeddable":true,"href":"https:\/\/www.djurskyddet.se\/landskrona\/wp-json\/wp\/v2\/categories?post=6258"},{"taxonomy":"post_tag","embeddable":true,"href":"https:\/\/www.djurskyddet.se\/landskrona\/wp-json\/wp\/v2\/tags?post=6258"}],"curies":[{"name":"wp","href":"https:\/\/api.w.org\/{rel}","templated":true}]}}