{"id":6261,"date":"2020-03-07T17:50:02","date_gmt":"2020-03-07T17:50:02","guid":{"rendered":"https:\/\/www.djurskyddet.se\/landskrona\/?p=6261"},"modified":"2020-03-07T17:50:03","modified_gmt":"2020-03-07T17:50:03","slug":"panter","status":"publish","type":"post","link":"https:\/\/www.djurskyddet.se\/landskrona\/senaste-nytt\/panter\/","title":{"rendered":"Panter"},"content":{"rendered":"\n<figure class=\"wp-block-image\"><img loading=\"lazy\" decoding=\"async\" width=\"533\" height=\"400\" src=\"https:\/\/www.djurskyddet.se\/landskrona\/wp-content\/uploads\/sites\/22\/2020\/01\/Panter.jpg\" alt=\"\" class=\"wp-image-6085\" srcset=\"https:\/\/www.djurskyddet.se\/landskrona\/wp-content\/uploads\/sites\/22\/2020\/01\/Panter.jpg 533w, https:\/\/www.djurskyddet.se\/landskrona\/wp-content\/uploads\/sites\/22\/2020\/01\/Panter-300x225.jpg 300w, https:\/\/www.djurskyddet.se\/landskrona\/wp-content\/uploads\/sites\/22\/2020\/01\/Panter-400x300.jpg 400w\" sizes=\"auto, (max-width: 533px) 100vw, 533px\" \/><\/figure>\n\n\n\n<p>Panter togs in fr\u00e5n Asmundtorp vid \u00e5rsskiftet 2018\/2019. Han var ingen vacker syn n\u00e4r han togs in, h\u00e5rl\u00f6s p\u00e5 magen och benen. Efter l\u00e5ng medicinering med kortison och specialfoder \u00e4r han nu frisk. Han myser g\u00e4rna och har nu insett att familjens hund inte \u00e4r s\u00e5 farlig som hon ser ut (i hans \u00f6gon). Panter har f\u00e5tt sitt nya hem i Landskrona. P\u00e5 bilden delar han korg med familjens hund Shiba. Idag lever han verkligen upp till sitt namn som den vackra lilla svarta panter han \u00e4r.\n\n<\/p>\n","protected":false},"excerpt":{"rendered":"<p>Panter togs in fr\u00e5n Asmundtorp vid \u00e5rsskiftet 2018\/2019. Han var ingen vacker syn n\u00e4r han togs in, h\u00e5rl\u00f6s p\u00e5 magen och benen. Efter l\u00e5ng medicinering med kortison och specialfoder \u00e4r han nu frisk. Han myser g\u00e4rna och har nu insett att familjens hund inte \u00e4r s\u00e5 farlig som hon ser ut (i hans \u00f6gon). Panter har f\u00e5tt sitt nya hem i Landskrona. P\u00e5 bilden delar han korg med familjens hund&hellip;<\/p>\n<p><a class=\"more-link\" href=\"https:\/\/www.djurskyddet.se\/landskrona\/senaste-nytt\/panter\/\" title=\"Continue reading &lsquo;Panter&rsquo;\">L&auml;s mer<span class=\"meta-nav\">&raquo;<\/span><\/a><\/p>\n","protected":false},"author":27,"featured_media":0,"comment_status":"closed","ping_status":"open","sticky":false,"template":"","format":"standard","meta":{"_acf_changed":false,"footnotes":""},"categories":[18],"tags":[],"class_list":["post-6261","post","type-post","status-publish","format-standard","hentry","category-senaste-nytt"],"acf":[],"_links":{"self":[{"href":"https:\/\/www.djurskyddet.se\/landskrona\/wp-json\/wp\/v2\/posts\/6261","targetHints":{"allow":["GET"]}}],"collection":[{"href":"https:\/\/www.djurskyddet.se\/landskrona\/wp-json\/wp\/v2\/posts"}],"about":[{"href":"https:\/\/www.djurskyddet.se\/landskrona\/wp-json\/wp\/v2\/types\/post"}],"author":[{"embeddable":true,"href":"https:\/\/www.djurskyddet.se\/landskrona\/wp-json\/wp\/v2\/users\/27"}],"replies":[{"embeddable":true,"href":"https:\/\/www.djurskyddet.se\/landskrona\/wp-json\/wp\/v2\/comments?post=6261"}],"version-history":[{"count":1,"href":"https:\/\/www.djurskyddet.se\/landskrona\/wp-json\/wp\/v2\/posts\/6261\/revisions"}],"predecessor-version":[{"id":6262,"href":"https:\/\/www.djurskyddet.se\/landskrona\/wp-json\/wp\/v2\/posts\/6261\/revisions\/6262"}],"wp:attachment":[{"href":"https:\/\/www.djurskyddet.se\/landskrona\/wp-json\/wp\/v2\/media?parent=6261"}],"wp:term":[{"taxonomy":"category","embeddable":true,"href":"https:\/\/www.djurskyddet.se\/landskrona\/wp-json\/wp\/v2\/categories?post=6261"},{"taxonomy":"post_tag","embeddable":true,"href":"https:\/\/www.djurskyddet.se\/landskrona\/wp-json\/wp\/v2\/tags?post=6261"}],"curies":[{"name":"wp","href":"https:\/\/api.w.org\/{rel}","templated":true}]}}