{"id":6279,"date":"2020-03-10T19:26:08","date_gmt":"2020-03-10T19:26:08","guid":{"rendered":"https:\/\/www.djurskyddet.se\/landskrona\/?p=6279"},"modified":"2020-03-10T19:26:09","modified_gmt":"2020-03-10T19:26:09","slug":"froken-rosa","status":"publish","type":"post","link":"https:\/\/www.djurskyddet.se\/landskrona\/senaste-nytt\/froken-rosa\/","title":{"rendered":"Fr\u00f6ken Rosa"},"content":{"rendered":"\n<figure class=\"wp-block-image\"><img loading=\"lazy\" decoding=\"async\" width=\"222\" height=\"400\" src=\"https:\/\/www.djurskyddet.se\/landskrona\/wp-content\/uploads\/sites\/22\/2020\/01\/Fr\u00f6ken-Rosa.jpg\" alt=\"\" class=\"wp-image-6119\" srcset=\"https:\/\/www.djurskyddet.se\/landskrona\/wp-content\/uploads\/sites\/22\/2020\/01\/Fr\u00f6ken-Rosa.jpg 222w, https:\/\/www.djurskyddet.se\/landskrona\/wp-content\/uploads\/sites\/22\/2020\/01\/Fr\u00f6ken-Rosa-167x300.jpg 167w\" sizes=\"auto, (max-width: 222px) 100vw, 222px\" \/><\/figure>\n\n\n\n<p>Fr\u00f6ken Rosa och Lilla Gr\u00e5 (se n\u00e4sta bild) var tv\u00e5 av fyra syskon som f\u00f6rlorade sin mamma bara n\u00e5gra veckor gamla. Djurskyddet tog hand om dem d\u00e5 \u00e4garen hotade att avliva dem och den f\u00f6rsta tiden fick de flaskmatas. Fr\u00f6ken Rosa och Lilla Gr\u00e5 bodde i samma jourhem under en tid innan de utadopterades. Tillf\u00e4lliga matten beskrev lill fr\u00f6ken Rosa s\u00e5 h\u00e4r: &#8221;Den mulliga prinsessan med den sammetslena p\u00e4lsen, \u00e4r f\u00f6rsiktigare \u00e4n sin bror och kollar l\u00e4get innan hon ger sig iv\u00e4g. Full rulle \u00e4ven p\u00e5 henne men hon kan ocks\u00e5 ligga och softa i soffan en riktig myskatt och livsnjutare. Leker med sin bror men inte med papegojan. Mer sj\u00e4lvst\u00e4ndig \u00e4n sin bror. Sover g\u00e4rna i s\u00e4ngen men p\u00e5 egen plats och ligger g\u00e4rna i kn\u00e4t n\u00e4r hon vill.&#8221; Denna kattflickas bor nu med sin nya familj, som \u00e4r ett ungt par i Lund.<\/p>\n","protected":false},"excerpt":{"rendered":"<p>Fr\u00f6ken Rosa och Lilla Gr\u00e5 (se n\u00e4sta bild) var tv\u00e5 av fyra syskon som f\u00f6rlorade sin mamma bara n\u00e5gra veckor gamla. Djurskyddet tog hand om dem d\u00e5 \u00e4garen hotade att avliva dem och den f\u00f6rsta tiden fick de flaskmatas. Fr\u00f6ken Rosa och Lilla Gr\u00e5 bodde i samma jourhem under en tid innan de utadopterades. Tillf\u00e4lliga matten beskrev lill fr\u00f6ken Rosa s\u00e5 h\u00e4r: &#8221;Den mulliga prinsessan med den sammetslena p\u00e4lsen, \u00e4r&hellip;<\/p>\n<p><a class=\"more-link\" href=\"https:\/\/www.djurskyddet.se\/landskrona\/senaste-nytt\/froken-rosa\/\" title=\"Continue reading &lsquo;Fr\u00f6ken Rosa&rsquo;\">L&auml;s mer<span class=\"meta-nav\">&raquo;<\/span><\/a><\/p>\n","protected":false},"author":27,"featured_media":0,"comment_status":"closed","ping_status":"open","sticky":false,"template":"","format":"standard","meta":{"_acf_changed":false,"footnotes":""},"categories":[18],"tags":[],"class_list":["post-6279","post","type-post","status-publish","format-standard","hentry","category-senaste-nytt"],"acf":[],"_links":{"self":[{"href":"https:\/\/www.djurskyddet.se\/landskrona\/wp-json\/wp\/v2\/posts\/6279","targetHints":{"allow":["GET"]}}],"collection":[{"href":"https:\/\/www.djurskyddet.se\/landskrona\/wp-json\/wp\/v2\/posts"}],"about":[{"href":"https:\/\/www.djurskyddet.se\/landskrona\/wp-json\/wp\/v2\/types\/post"}],"author":[{"embeddable":true,"href":"https:\/\/www.djurskyddet.se\/landskrona\/wp-json\/wp\/v2\/users\/27"}],"replies":[{"embeddable":true,"href":"https:\/\/www.djurskyddet.se\/landskrona\/wp-json\/wp\/v2\/comments?post=6279"}],"version-history":[{"count":1,"href":"https:\/\/www.djurskyddet.se\/landskrona\/wp-json\/wp\/v2\/posts\/6279\/revisions"}],"predecessor-version":[{"id":6280,"href":"https:\/\/www.djurskyddet.se\/landskrona\/wp-json\/wp\/v2\/posts\/6279\/revisions\/6280"}],"wp:attachment":[{"href":"https:\/\/www.djurskyddet.se\/landskrona\/wp-json\/wp\/v2\/media?parent=6279"}],"wp:term":[{"taxonomy":"category","embeddable":true,"href":"https:\/\/www.djurskyddet.se\/landskrona\/wp-json\/wp\/v2\/categories?post=6279"},{"taxonomy":"post_tag","embeddable":true,"href":"https:\/\/www.djurskyddet.se\/landskrona\/wp-json\/wp\/v2\/tags?post=6279"}],"curies":[{"name":"wp","href":"https:\/\/api.w.org\/{rel}","templated":true}]}}