{"id":6282,"date":"2020-03-10T19:28:23","date_gmt":"2020-03-10T19:28:23","guid":{"rendered":"https:\/\/www.djurskyddet.se\/landskrona\/?p=6282"},"modified":"2020-03-10T19:28:25","modified_gmt":"2020-03-10T19:28:25","slug":"lilla-gra","status":"publish","type":"post","link":"https:\/\/www.djurskyddet.se\/landskrona\/senaste-nytt\/lilla-gra\/","title":{"rendered":"Lilla Gr\u00e5"},"content":{"rendered":"\n<figure class=\"wp-block-image\"><img loading=\"lazy\" decoding=\"async\" width=\"711\" height=\"400\" src=\"https:\/\/www.djurskyddet.se\/landskrona\/wp-content\/uploads\/sites\/22\/2020\/01\/Lilla-Gr\u00e5.jpg\" alt=\"\" class=\"wp-image-6120\" srcset=\"https:\/\/www.djurskyddet.se\/landskrona\/wp-content\/uploads\/sites\/22\/2020\/01\/Lilla-Gr\u00e5.jpg 711w, https:\/\/www.djurskyddet.se\/landskrona\/wp-content\/uploads\/sites\/22\/2020\/01\/Lilla-Gr\u00e5-300x169.jpg 300w, https:\/\/www.djurskyddet.se\/landskrona\/wp-content\/uploads\/sites\/22\/2020\/01\/Lilla-Gr\u00e5-400x225.jpg 400w\" sizes=\"auto, (max-width: 711px) 100vw, 711px\" \/><\/figure>\n\n\n\n<p>Lilla gr\u00e5 var en av fyra syskon som f\u00f6rlorade sin mamma bara n\u00e5gra veckor gamla. Djurskyddet tog hand om dem d\u00e5 \u00e4garen hotade att avliva dem och den f\u00f6rsta tiden fick de flaskmatas. Tillf\u00e4lliga matten beskrev lilla Gr\u00e5 som &#8221;precis som en pojke i den \u00e5ldern, fullst\u00e4ndigt or\u00e4dd. Med de l\u00e5nga benen kommer han upp \u00f6verallt och s\u00e5 fort det \u00f6ppnas n\u00e5got sk\u00e5p \u00e4r han d\u00e4r. Innan tv\u00e4ttmaskinen startas m\u00e5ste vi kolla var han \u00e4r likas\u00e5 med diskmaskinen. Han \u00e4r med hela tiden och \u00e4r mycket social. Det finns bara ON &amp; OFF p\u00e5 honom och mest \u00e4r det ON. M\u00e5nga skratt med denna katt. Han sitter g\u00e4rna p\u00e5 en axel s\u00e5 han inte missar n\u00e5got, \u00e4lskar att b\u00e4ras som en bebis och \u00e4r det n\u00e5gon som lagar mat \u00e4r fl\u00e4kten en utm\u00e4rkt plats tycker han. Han leker ofta med papegojan och de har v\u00e4ldigt roligt. Sover g\u00e4rna p\u00e5 huvudkudden p\u00e5 natten.&#8221;\n\nLilla Gr\u00e5 bor numera i Borstahusen.<\/p>\n","protected":false},"excerpt":{"rendered":"<p>Lilla gr\u00e5 var en av fyra syskon som f\u00f6rlorade sin mamma bara n\u00e5gra veckor gamla. Djurskyddet tog hand om dem d\u00e5 \u00e4garen hotade att avliva dem och den f\u00f6rsta tiden fick de flaskmatas. Tillf\u00e4lliga matten beskrev lilla Gr\u00e5 som &#8221;precis som en pojke i den \u00e5ldern, fullst\u00e4ndigt or\u00e4dd. Med de l\u00e5nga benen kommer han upp \u00f6verallt och s\u00e5 fort det \u00f6ppnas n\u00e5got sk\u00e5p \u00e4r han d\u00e4r. Innan tv\u00e4ttmaskinen startas m\u00e5ste&hellip;<\/p>\n<p><a class=\"more-link\" href=\"https:\/\/www.djurskyddet.se\/landskrona\/senaste-nytt\/lilla-gra\/\" title=\"Continue reading &lsquo;Lilla Gr\u00e5&rsquo;\">L&auml;s mer<span class=\"meta-nav\">&raquo;<\/span><\/a><\/p>\n","protected":false},"author":27,"featured_media":0,"comment_status":"closed","ping_status":"open","sticky":false,"template":"","format":"standard","meta":{"_acf_changed":false,"footnotes":""},"categories":[18],"tags":[],"class_list":["post-6282","post","type-post","status-publish","format-standard","hentry","category-senaste-nytt"],"acf":[],"_links":{"self":[{"href":"https:\/\/www.djurskyddet.se\/landskrona\/wp-json\/wp\/v2\/posts\/6282","targetHints":{"allow":["GET"]}}],"collection":[{"href":"https:\/\/www.djurskyddet.se\/landskrona\/wp-json\/wp\/v2\/posts"}],"about":[{"href":"https:\/\/www.djurskyddet.se\/landskrona\/wp-json\/wp\/v2\/types\/post"}],"author":[{"embeddable":true,"href":"https:\/\/www.djurskyddet.se\/landskrona\/wp-json\/wp\/v2\/users\/27"}],"replies":[{"embeddable":true,"href":"https:\/\/www.djurskyddet.se\/landskrona\/wp-json\/wp\/v2\/comments?post=6282"}],"version-history":[{"count":1,"href":"https:\/\/www.djurskyddet.se\/landskrona\/wp-json\/wp\/v2\/posts\/6282\/revisions"}],"predecessor-version":[{"id":6283,"href":"https:\/\/www.djurskyddet.se\/landskrona\/wp-json\/wp\/v2\/posts\/6282\/revisions\/6283"}],"wp:attachment":[{"href":"https:\/\/www.djurskyddet.se\/landskrona\/wp-json\/wp\/v2\/media?parent=6282"}],"wp:term":[{"taxonomy":"category","embeddable":true,"href":"https:\/\/www.djurskyddet.se\/landskrona\/wp-json\/wp\/v2\/categories?post=6282"},{"taxonomy":"post_tag","embeddable":true,"href":"https:\/\/www.djurskyddet.se\/landskrona\/wp-json\/wp\/v2\/tags?post=6282"}],"curies":[{"name":"wp","href":"https:\/\/api.w.org\/{rel}","templated":true}]}}