{"id":6385,"date":"2020-03-21T19:44:17","date_gmt":"2020-03-21T19:44:17","guid":{"rendered":"https:\/\/www.djurskyddet.se\/landskrona\/?p=6385"},"modified":"2020-03-21T19:44:19","modified_gmt":"2020-03-21T19:44:19","slug":"lillan","status":"publish","type":"post","link":"https:\/\/www.djurskyddet.se\/landskrona\/senaste-nytt\/lillan\/","title":{"rendered":"Lillan"},"content":{"rendered":"\n<figure class=\"wp-block-image\"><img loading=\"lazy\" decoding=\"async\" width=\"533\" height=\"400\" src=\"https:\/\/www.djurskyddet.se\/landskrona\/wp-content\/uploads\/sites\/22\/2020\/01\/Lillan.jpg\" alt=\"\" class=\"wp-image-6138\" srcset=\"https:\/\/www.djurskyddet.se\/landskrona\/wp-content\/uploads\/sites\/22\/2020\/01\/Lillan.jpg 533w, https:\/\/www.djurskyddet.se\/landskrona\/wp-content\/uploads\/sites\/22\/2020\/01\/Lillan-300x225.jpg 300w, https:\/\/www.djurskyddet.se\/landskrona\/wp-content\/uploads\/sites\/22\/2020\/01\/Lillan-400x300.jpg 400w\" sizes=\"auto, (max-width: 533px) 100vw, 533px\" \/><\/figure>\n\n\n\n<p>Lillan \u00e4r en s\u00f6t liten f\u00f6rsiktig tjej p\u00e5 ca 2 \u00e5r. Troligen finns det en del abessinier i henne. Hon blev omh\u00e4ndertagen av en dam som tyckte synd om henne och hennes 2 kattungar, d\u00e5 deras \u00e4gare inte var intresserade alls och barnen p\u00e5 g\u00e5rden kastade sten efter henne eller jagade henne. Djurskyddet Landskrona tog henne under sina vingar och \u00e4ven hennes ena kattunge d\u00e5 den andra redan f\u00e5tt hem. B\u00e5de Lillan och hennes unge Bagheera f\u00e5r nu stanna i jourhemmet. <\/p>\n","protected":false},"excerpt":{"rendered":"<p>Lillan \u00e4r en s\u00f6t liten f\u00f6rsiktig tjej p\u00e5 ca 2 \u00e5r. Troligen finns det en del abessinier i henne. Hon blev omh\u00e4ndertagen av en dam som tyckte synd om henne och hennes 2 kattungar, d\u00e5 deras \u00e4gare inte var intresserade alls och barnen p\u00e5 g\u00e5rden kastade sten efter henne eller jagade henne. Djurskyddet Landskrona tog henne under sina vingar och \u00e4ven hennes ena kattunge d\u00e5 den andra redan f\u00e5tt hem.&hellip;<\/p>\n<p><a class=\"more-link\" href=\"https:\/\/www.djurskyddet.se\/landskrona\/senaste-nytt\/lillan\/\" title=\"Continue reading &lsquo;Lillan&rsquo;\">L&auml;s mer<span class=\"meta-nav\">&raquo;<\/span><\/a><\/p>\n","protected":false},"author":27,"featured_media":0,"comment_status":"closed","ping_status":"open","sticky":false,"template":"","format":"standard","meta":{"_acf_changed":false,"footnotes":""},"categories":[18],"tags":[],"class_list":["post-6385","post","type-post","status-publish","format-standard","hentry","category-senaste-nytt"],"acf":[],"_links":{"self":[{"href":"https:\/\/www.djurskyddet.se\/landskrona\/wp-json\/wp\/v2\/posts\/6385","targetHints":{"allow":["GET"]}}],"collection":[{"href":"https:\/\/www.djurskyddet.se\/landskrona\/wp-json\/wp\/v2\/posts"}],"about":[{"href":"https:\/\/www.djurskyddet.se\/landskrona\/wp-json\/wp\/v2\/types\/post"}],"author":[{"embeddable":true,"href":"https:\/\/www.djurskyddet.se\/landskrona\/wp-json\/wp\/v2\/users\/27"}],"replies":[{"embeddable":true,"href":"https:\/\/www.djurskyddet.se\/landskrona\/wp-json\/wp\/v2\/comments?post=6385"}],"version-history":[{"count":1,"href":"https:\/\/www.djurskyddet.se\/landskrona\/wp-json\/wp\/v2\/posts\/6385\/revisions"}],"predecessor-version":[{"id":6386,"href":"https:\/\/www.djurskyddet.se\/landskrona\/wp-json\/wp\/v2\/posts\/6385\/revisions\/6386"}],"wp:attachment":[{"href":"https:\/\/www.djurskyddet.se\/landskrona\/wp-json\/wp\/v2\/media?parent=6385"}],"wp:term":[{"taxonomy":"category","embeddable":true,"href":"https:\/\/www.djurskyddet.se\/landskrona\/wp-json\/wp\/v2\/categories?post=6385"},{"taxonomy":"post_tag","embeddable":true,"href":"https:\/\/www.djurskyddet.se\/landskrona\/wp-json\/wp\/v2\/tags?post=6385"}],"curies":[{"name":"wp","href":"https:\/\/api.w.org\/{rel}","templated":true}]}}