{"id":6424,"date":"2020-03-26T19:36:57","date_gmt":"2020-03-26T19:36:57","guid":{"rendered":"https:\/\/www.djurskyddet.se\/landskrona\/?p=6424"},"modified":"2020-03-26T19:36:59","modified_gmt":"2020-03-26T19:36:59","slug":"snuttan","status":"publish","type":"post","link":"https:\/\/www.djurskyddet.se\/landskrona\/senaste-nytt\/snuttan\/","title":{"rendered":"Snuttan"},"content":{"rendered":"\n<figure class=\"wp-block-image\"><img loading=\"lazy\" decoding=\"async\" width=\"533\" height=\"400\" src=\"https:\/\/www.djurskyddet.se\/landskrona\/wp-content\/uploads\/sites\/22\/2020\/01\/Snuttan.jpg\" alt=\"\" class=\"wp-image-6144\" srcset=\"https:\/\/www.djurskyddet.se\/landskrona\/wp-content\/uploads\/sites\/22\/2020\/01\/Snuttan.jpg 533w, https:\/\/www.djurskyddet.se\/landskrona\/wp-content\/uploads\/sites\/22\/2020\/01\/Snuttan-300x225.jpg 300w, https:\/\/www.djurskyddet.se\/landskrona\/wp-content\/uploads\/sites\/22\/2020\/01\/Snuttan-400x300.jpg 400w\" sizes=\"auto, (max-width: 533px) 100vw, 533px\" \/><\/figure>\n\n\n\n<p>Snuttan blev upphittat i Asmundtorp i september 2015 utsvulten, skygg och \u00f6vergiven, ca 12 veckor gammal. Hon kom till ett st\u00f6dhem d\u00e4r \u00e4ven katten Engla finns. Efterlysningar gjordes men ingen \u00e4gare vill ge sig till k\u00e4nna. Efter m\u00e5nga fr\u00e4sningar och morrningar fann Snuttan och Engla varandra till sist och blev riktiga kompisar, s\u00e5 Dan best\u00e4mde sig f\u00f6r att adoptera Snuttan och han har alltid \u00f6nskat sig att ha en svart\/vit katt. S\u00e5 det blev ett lyckligt slut till sist f\u00f6r Snuttan och f\u00f6reningen \u00f6nskar henne ett fortsatt bra liv i sitt nya hem.<\/p>\n","protected":false},"excerpt":{"rendered":"<p>Snuttan blev upphittat i Asmundtorp i september 2015 utsvulten, skygg och \u00f6vergiven, ca 12 veckor gammal. Hon kom till ett st\u00f6dhem d\u00e4r \u00e4ven katten Engla finns. Efterlysningar gjordes men ingen \u00e4gare vill ge sig till k\u00e4nna. Efter m\u00e5nga fr\u00e4sningar och morrningar fann Snuttan och Engla varandra till sist och blev riktiga kompisar, s\u00e5 Dan best\u00e4mde sig f\u00f6r att adoptera Snuttan och han har alltid \u00f6nskat sig att ha en svart\/vit&hellip;<\/p>\n<p><a class=\"more-link\" href=\"https:\/\/www.djurskyddet.se\/landskrona\/senaste-nytt\/snuttan\/\" title=\"Continue reading &lsquo;Snuttan&rsquo;\">L&auml;s mer<span class=\"meta-nav\">&raquo;<\/span><\/a><\/p>\n","protected":false},"author":27,"featured_media":0,"comment_status":"closed","ping_status":"open","sticky":false,"template":"","format":"standard","meta":{"_acf_changed":false,"footnotes":""},"categories":[18],"tags":[],"class_list":["post-6424","post","type-post","status-publish","format-standard","hentry","category-senaste-nytt"],"acf":[],"_links":{"self":[{"href":"https:\/\/www.djurskyddet.se\/landskrona\/wp-json\/wp\/v2\/posts\/6424","targetHints":{"allow":["GET"]}}],"collection":[{"href":"https:\/\/www.djurskyddet.se\/landskrona\/wp-json\/wp\/v2\/posts"}],"about":[{"href":"https:\/\/www.djurskyddet.se\/landskrona\/wp-json\/wp\/v2\/types\/post"}],"author":[{"embeddable":true,"href":"https:\/\/www.djurskyddet.se\/landskrona\/wp-json\/wp\/v2\/users\/27"}],"replies":[{"embeddable":true,"href":"https:\/\/www.djurskyddet.se\/landskrona\/wp-json\/wp\/v2\/comments?post=6424"}],"version-history":[{"count":1,"href":"https:\/\/www.djurskyddet.se\/landskrona\/wp-json\/wp\/v2\/posts\/6424\/revisions"}],"predecessor-version":[{"id":6425,"href":"https:\/\/www.djurskyddet.se\/landskrona\/wp-json\/wp\/v2\/posts\/6424\/revisions\/6425"}],"wp:attachment":[{"href":"https:\/\/www.djurskyddet.se\/landskrona\/wp-json\/wp\/v2\/media?parent=6424"}],"wp:term":[{"taxonomy":"category","embeddable":true,"href":"https:\/\/www.djurskyddet.se\/landskrona\/wp-json\/wp\/v2\/categories?post=6424"},{"taxonomy":"post_tag","embeddable":true,"href":"https:\/\/www.djurskyddet.se\/landskrona\/wp-json\/wp\/v2\/tags?post=6424"}],"curies":[{"name":"wp","href":"https:\/\/api.w.org\/{rel}","templated":true}]}}