{"id":6432,"date":"2020-03-26T19:43:59","date_gmt":"2020-03-26T19:43:59","guid":{"rendered":"https:\/\/www.djurskyddet.se\/landskrona\/?p=6432"},"modified":"2020-03-26T19:44:00","modified_gmt":"2020-03-26T19:44:00","slug":"oskar-2","status":"publish","type":"post","link":"https:\/\/www.djurskyddet.se\/landskrona\/senaste-nytt\/oskar-2\/","title":{"rendered":"Oskar"},"content":{"rendered":"\n<figure class=\"wp-block-image\"><img loading=\"lazy\" decoding=\"async\" width=\"533\" height=\"400\" src=\"https:\/\/www.djurskyddet.se\/landskrona\/wp-content\/uploads\/sites\/22\/2020\/01\/Oskar.jpg\" alt=\"\" class=\"wp-image-6149\" srcset=\"https:\/\/www.djurskyddet.se\/landskrona\/wp-content\/uploads\/sites\/22\/2020\/01\/Oskar.jpg 533w, https:\/\/www.djurskyddet.se\/landskrona\/wp-content\/uploads\/sites\/22\/2020\/01\/Oskar-300x225.jpg 300w, https:\/\/www.djurskyddet.se\/landskrona\/wp-content\/uploads\/sites\/22\/2020\/01\/Oskar-400x300.jpg 400w\" sizes=\"auto, (max-width: 533px) 100vw, 533px\" \/><\/figure>\n\n\n\n<p>Katten Oskar kl\u00e4ttrade upp p\u00e5 en kattbr\u00e4da till en balkong hos en dam som ocks\u00e5 har katt och bad oss om hj\u00e4lp och fick komma till ett st\u00f6dhem i Landskrona. Oskar var tillgiven s\u00e5 n\u00e5gon har brytt sig och efterlysning gjordes p\u00e5 olika s\u00e4tt, men utan resultat. Oskar blev kastrerad, vaccinerad och id-m\u00e4rkt innan han kom till sitt nya hem hos en \u00e4ldre dam utanf\u00f6r Landskrona. Enligt damen \u00e4r det han som f\u00e5r best\u00e4mma en hel del och han har tillg\u00e5ng att vara ute i en stor tr\u00e4dg\u00e5rd och han trivs utm\u00e4rkt i sitt nya hem.<\/p>\n","protected":false},"excerpt":{"rendered":"<p>Katten Oskar kl\u00e4ttrade upp p\u00e5 en kattbr\u00e4da till en balkong hos en dam som ocks\u00e5 har katt och bad oss om hj\u00e4lp och fick komma till ett st\u00f6dhem i Landskrona. Oskar var tillgiven s\u00e5 n\u00e5gon har brytt sig och efterlysning gjordes p\u00e5 olika s\u00e4tt, men utan resultat. Oskar blev kastrerad, vaccinerad och id-m\u00e4rkt innan han kom till sitt nya hem hos en \u00e4ldre dam utanf\u00f6r Landskrona. Enligt damen \u00e4r det&hellip;<\/p>\n<p><a class=\"more-link\" href=\"https:\/\/www.djurskyddet.se\/landskrona\/senaste-nytt\/oskar-2\/\" title=\"Continue reading &lsquo;Oskar&rsquo;\">L&auml;s mer<span class=\"meta-nav\">&raquo;<\/span><\/a><\/p>\n","protected":false},"author":27,"featured_media":0,"comment_status":"closed","ping_status":"open","sticky":false,"template":"","format":"standard","meta":{"_acf_changed":false,"footnotes":""},"categories":[18],"tags":[],"class_list":["post-6432","post","type-post","status-publish","format-standard","hentry","category-senaste-nytt"],"acf":[],"_links":{"self":[{"href":"https:\/\/www.djurskyddet.se\/landskrona\/wp-json\/wp\/v2\/posts\/6432","targetHints":{"allow":["GET"]}}],"collection":[{"href":"https:\/\/www.djurskyddet.se\/landskrona\/wp-json\/wp\/v2\/posts"}],"about":[{"href":"https:\/\/www.djurskyddet.se\/landskrona\/wp-json\/wp\/v2\/types\/post"}],"author":[{"embeddable":true,"href":"https:\/\/www.djurskyddet.se\/landskrona\/wp-json\/wp\/v2\/users\/27"}],"replies":[{"embeddable":true,"href":"https:\/\/www.djurskyddet.se\/landskrona\/wp-json\/wp\/v2\/comments?post=6432"}],"version-history":[{"count":1,"href":"https:\/\/www.djurskyddet.se\/landskrona\/wp-json\/wp\/v2\/posts\/6432\/revisions"}],"predecessor-version":[{"id":6433,"href":"https:\/\/www.djurskyddet.se\/landskrona\/wp-json\/wp\/v2\/posts\/6432\/revisions\/6433"}],"wp:attachment":[{"href":"https:\/\/www.djurskyddet.se\/landskrona\/wp-json\/wp\/v2\/media?parent=6432"}],"wp:term":[{"taxonomy":"category","embeddable":true,"href":"https:\/\/www.djurskyddet.se\/landskrona\/wp-json\/wp\/v2\/categories?post=6432"},{"taxonomy":"post_tag","embeddable":true,"href":"https:\/\/www.djurskyddet.se\/landskrona\/wp-json\/wp\/v2\/tags?post=6432"}],"curies":[{"name":"wp","href":"https:\/\/api.w.org\/{rel}","templated":true}]}}