{"id":6436,"date":"2020-03-26T19:47:36","date_gmt":"2020-03-26T19:47:36","guid":{"rendered":"https:\/\/www.djurskyddet.se\/landskrona\/?p=6436"},"modified":"2020-03-26T19:47:38","modified_gmt":"2020-03-26T19:47:38","slug":"blacki","status":"publish","type":"post","link":"https:\/\/www.djurskyddet.se\/landskrona\/senaste-nytt\/blacki\/","title":{"rendered":"Blacki"},"content":{"rendered":"\n<figure class=\"wp-block-image\"><img loading=\"lazy\" decoding=\"async\" width=\"545\" height=\"400\" src=\"https:\/\/www.djurskyddet.se\/landskrona\/wp-content\/uploads\/sites\/22\/2020\/01\/Blacki.jpg\" alt=\"\" class=\"wp-image-6148\" srcset=\"https:\/\/www.djurskyddet.se\/landskrona\/wp-content\/uploads\/sites\/22\/2020\/01\/Blacki.jpg 545w, https:\/\/www.djurskyddet.se\/landskrona\/wp-content\/uploads\/sites\/22\/2020\/01\/Blacki-300x220.jpg 300w, https:\/\/www.djurskyddet.se\/landskrona\/wp-content\/uploads\/sites\/22\/2020\/01\/Blacki-400x294.jpg 400w\" sizes=\"auto, (max-width: 545px) 100vw, 545px\" \/><\/figure>\n\n\n\n<p>Katten Blacki sprang p\u00e5 parkeringsplatsen i Asmundtorp och fick komma till ett st\u00f6dhem i Landskrona och d\u00e4r fanns \u00e4ven hunden Ozzy. Det gick rykte om i byn att katten hade blivit kvarl\u00e4mnad, \u00e4garen flyttat. Efterlysning gjordes p\u00e5 olika vis och L\u00e4nsstyrelsen kontaktades, samt f\u00f6reningen fick tips om ev \u00e4gare, men tyv\u00e4rr utan resultat, s\u00e5 det blev beslut p\u00e5 att kastrera, vaccinera och id-m\u00e4rka honom. Han fick ett nytt hem hos en \u00e4ldre dam i Landskrona och en ny kattkompis vid namn Zack. Blacki \u00e4r en mysig, gosig och keltg katt.<\/p>\n","protected":false},"excerpt":{"rendered":"<p>Katten Blacki sprang p\u00e5 parkeringsplatsen i Asmundtorp och fick komma till ett st\u00f6dhem i Landskrona och d\u00e4r fanns \u00e4ven hunden Ozzy. Det gick rykte om i byn att katten hade blivit kvarl\u00e4mnad, \u00e4garen flyttat. Efterlysning gjordes p\u00e5 olika vis och L\u00e4nsstyrelsen kontaktades, samt f\u00f6reningen fick tips om ev \u00e4gare, men tyv\u00e4rr utan resultat, s\u00e5 det blev beslut p\u00e5 att kastrera, vaccinera och id-m\u00e4rka honom. Han fick ett nytt hem hos&hellip;<\/p>\n<p><a class=\"more-link\" href=\"https:\/\/www.djurskyddet.se\/landskrona\/senaste-nytt\/blacki\/\" title=\"Continue reading &lsquo;Blacki&rsquo;\">L&auml;s mer<span class=\"meta-nav\">&raquo;<\/span><\/a><\/p>\n","protected":false},"author":27,"featured_media":0,"comment_status":"closed","ping_status":"open","sticky":false,"template":"","format":"standard","meta":{"_acf_changed":false,"footnotes":""},"categories":[18],"tags":[],"class_list":["post-6436","post","type-post","status-publish","format-standard","hentry","category-senaste-nytt"],"acf":[],"_links":{"self":[{"href":"https:\/\/www.djurskyddet.se\/landskrona\/wp-json\/wp\/v2\/posts\/6436","targetHints":{"allow":["GET"]}}],"collection":[{"href":"https:\/\/www.djurskyddet.se\/landskrona\/wp-json\/wp\/v2\/posts"}],"about":[{"href":"https:\/\/www.djurskyddet.se\/landskrona\/wp-json\/wp\/v2\/types\/post"}],"author":[{"embeddable":true,"href":"https:\/\/www.djurskyddet.se\/landskrona\/wp-json\/wp\/v2\/users\/27"}],"replies":[{"embeddable":true,"href":"https:\/\/www.djurskyddet.se\/landskrona\/wp-json\/wp\/v2\/comments?post=6436"}],"version-history":[{"count":1,"href":"https:\/\/www.djurskyddet.se\/landskrona\/wp-json\/wp\/v2\/posts\/6436\/revisions"}],"predecessor-version":[{"id":6437,"href":"https:\/\/www.djurskyddet.se\/landskrona\/wp-json\/wp\/v2\/posts\/6436\/revisions\/6437"}],"wp:attachment":[{"href":"https:\/\/www.djurskyddet.se\/landskrona\/wp-json\/wp\/v2\/media?parent=6436"}],"wp:term":[{"taxonomy":"category","embeddable":true,"href":"https:\/\/www.djurskyddet.se\/landskrona\/wp-json\/wp\/v2\/categories?post=6436"},{"taxonomy":"post_tag","embeddable":true,"href":"https:\/\/www.djurskyddet.se\/landskrona\/wp-json\/wp\/v2\/tags?post=6436"}],"curies":[{"name":"wp","href":"https:\/\/api.w.org\/{rel}","templated":true}]}}