{"id":6525,"date":"2020-05-06T17:27:53","date_gmt":"2020-05-06T17:27:53","guid":{"rendered":"https:\/\/www.djurskyddet.se\/landskrona\/?p=6525"},"modified":"2020-05-06T17:31:44","modified_gmt":"2020-05-06T17:31:44","slug":"vide","status":"publish","type":"post","link":"https:\/\/www.djurskyddet.se\/landskrona\/senaste-nytt\/vide\/","title":{"rendered":"Vide"},"content":{"rendered":"\n<figure class=\"wp-block-image\"><img loading=\"lazy\" decoding=\"async\" width=\"1024\" height=\"764\" src=\"https:\/\/www.djurskyddet.se\/landskrona\/wp-content\/uploads\/sites\/22\/2020\/03\/89550866_3442098695816949_149798426240876544_o-1024x764.jpg\" alt=\"\" class=\"wp-image-6326\" srcset=\"https:\/\/www.djurskyddet.se\/landskrona\/wp-content\/uploads\/sites\/22\/2020\/03\/89550866_3442098695816949_149798426240876544_o.jpg 1024w, https:\/\/www.djurskyddet.se\/landskrona\/wp-content\/uploads\/sites\/22\/2020\/03\/89550866_3442098695816949_149798426240876544_o-300x224.jpg 300w, https:\/\/www.djurskyddet.se\/landskrona\/wp-content\/uploads\/sites\/22\/2020\/03\/89550866_3442098695816949_149798426240876544_o-768x573.jpg 768w, https:\/\/www.djurskyddet.se\/landskrona\/wp-content\/uploads\/sites\/22\/2020\/03\/89550866_3442098695816949_149798426240876544_o-400x298.jpg 400w\" sizes=\"auto, (max-width: 1024px) 100vw, 1024px\" \/><\/figure>\n\n\n\n<p>Vide har flyttat till Lund till en familj med tv\u00e5 barn som kan leka och kela med honom och h\u00e5lla honom sysselsatt.  Jourhemmet ber\u00e4ttar: Vide fr\u00e5n Bjuv \u00e4r en mycket s\u00e4llskaplig katt som kom till oss i slutet av februari.\u00a0Det \u00e4r en svart hankatt som f\u00f6ddes i b\u00f6rjan av sommaren 2019\u00a0med ett h\u00e4rligt barnasinne och \u00e4r ett litet busfr\u00f6 som vill unders\u00f6ka och utforska allt nytt han ser. Vide \u00e4lskar ocks\u00e5 att leka\u00a0med sina leksaksm\u00f6ss och att jaga rosa fj\u00e4drar! D\u00e4rf\u00f6r passar han mycket bra hos en barnfamilj eller hos n\u00e5gon som \u00e4r hemma mycket och har tid att ge\u00a0honom b\u00e5de roliga lekstunder och mysiga kelstunder. Vide tycker verkligen om att vara n\u00e4ra m\u00e4nniskor. N\u00e4r han hade l\u00e4rt k\u00e4nna oss i jourfamiljen ville han inte l\u00e4mna oss ur sikte en sekund. Nu n\u00e4r han vant sig vid oss mer verkar han dock inte lika \u00e4ngslig utan kan acceptera att vara ensam d\u00e5 och d\u00e5. Men denna sociala katt trivs allra b\u00e4st hos en husse\/matte\/familj som ofta \u00e4r i n\u00e4rheten!\u00a0Han har inte visat n\u00e5got st\u00f6rre intresse f\u00f6r att vilja vara utomhus, men skulle eventuellt uppskatta att f\u00e5 leka och springa av sig i en trygg utemilj\u00f6. Vide har kastrerats, \u00f6ronm\u00e4rkts, id-m\u00e4rkts med chip och vaccinerats. Han \u00e4r \u00e4ven rumsren. <\/p>\n","protected":false},"excerpt":{"rendered":"<p>Vide har flyttat till Lund till en familj med tv\u00e5 barn som kan leka och kela med honom och h\u00e5lla honom sysselsatt. Jourhemmet ber\u00e4ttar: Vide fr\u00e5n Bjuv \u00e4r en mycket s\u00e4llskaplig katt som kom till oss i slutet av februari.\u00a0Det \u00e4r en svart hankatt som f\u00f6ddes i b\u00f6rjan av sommaren 2019\u00a0med ett h\u00e4rligt barnasinne och \u00e4r ett litet busfr\u00f6 som vill unders\u00f6ka och utforska allt nytt han ser. Vide \u00e4lskar&hellip;<\/p>\n<p><a class=\"more-link\" href=\"https:\/\/www.djurskyddet.se\/landskrona\/senaste-nytt\/vide\/\" title=\"Continue reading &lsquo;Vide&rsquo;\">L&auml;s mer<span class=\"meta-nav\">&raquo;<\/span><\/a><\/p>\n","protected":false},"author":27,"featured_media":0,"comment_status":"closed","ping_status":"open","sticky":false,"template":"","format":"standard","meta":{"_acf_changed":false,"footnotes":""},"categories":[18],"tags":[],"class_list":["post-6525","post","type-post","status-publish","format-standard","hentry","category-senaste-nytt"],"acf":[],"_links":{"self":[{"href":"https:\/\/www.djurskyddet.se\/landskrona\/wp-json\/wp\/v2\/posts\/6525","targetHints":{"allow":["GET"]}}],"collection":[{"href":"https:\/\/www.djurskyddet.se\/landskrona\/wp-json\/wp\/v2\/posts"}],"about":[{"href":"https:\/\/www.djurskyddet.se\/landskrona\/wp-json\/wp\/v2\/types\/post"}],"author":[{"embeddable":true,"href":"https:\/\/www.djurskyddet.se\/landskrona\/wp-json\/wp\/v2\/users\/27"}],"replies":[{"embeddable":true,"href":"https:\/\/www.djurskyddet.se\/landskrona\/wp-json\/wp\/v2\/comments?post=6525"}],"version-history":[{"count":2,"href":"https:\/\/www.djurskyddet.se\/landskrona\/wp-json\/wp\/v2\/posts\/6525\/revisions"}],"predecessor-version":[{"id":6527,"href":"https:\/\/www.djurskyddet.se\/landskrona\/wp-json\/wp\/v2\/posts\/6525\/revisions\/6527"}],"wp:attachment":[{"href":"https:\/\/www.djurskyddet.se\/landskrona\/wp-json\/wp\/v2\/media?parent=6525"}],"wp:term":[{"taxonomy":"category","embeddable":true,"href":"https:\/\/www.djurskyddet.se\/landskrona\/wp-json\/wp\/v2\/categories?post=6525"},{"taxonomy":"post_tag","embeddable":true,"href":"https:\/\/www.djurskyddet.se\/landskrona\/wp-json\/wp\/v2\/tags?post=6525"}],"curies":[{"name":"wp","href":"https:\/\/api.w.org\/{rel}","templated":true}]}}