{"id":6531,"date":"2020-05-06T17:42:07","date_gmt":"2020-05-06T17:42:07","guid":{"rendered":"https:\/\/www.djurskyddet.se\/landskrona\/?p=6531"},"modified":"2020-05-06T17:42:09","modified_gmt":"2020-05-06T17:42:09","slug":"gusten-2","status":"publish","type":"post","link":"https:\/\/www.djurskyddet.se\/landskrona\/senaste-nytt\/gusten-2\/","title":{"rendered":"Gusten"},"content":{"rendered":"\n<figure class=\"wp-block-image\"><img loading=\"lazy\" decoding=\"async\" width=\"400\" height=\"400\" src=\"https:\/\/www.djurskyddet.se\/landskrona\/wp-content\/uploads\/sites\/22\/2020\/04\/Gusten.jpg\" alt=\"\" class=\"wp-image-6512\" srcset=\"https:\/\/www.djurskyddet.se\/landskrona\/wp-content\/uploads\/sites\/22\/2020\/04\/Gusten.jpg 400w, https:\/\/www.djurskyddet.se\/landskrona\/wp-content\/uploads\/sites\/22\/2020\/04\/Gusten-150x150.jpg 150w, https:\/\/www.djurskyddet.se\/landskrona\/wp-content\/uploads\/sites\/22\/2020\/04\/Gusten-300x300.jpg 300w\" sizes=\"auto, (max-width: 400px) 100vw, 400px\" \/><\/figure>\n\n\n\n\n\n<p>Gusten har f\u00e5tt ett nytt hem, han har flyttat till en familj som redan tidigare adopterat en av kattungarna fr\u00e5n Vadensj\u00f6. Lycka till i nya hemmet finaste Gusten! Vadensj\u00f6kisen Gusten beh\u00f6vde ett nytt hem d\u00e5 det inte fungerade med en av honorna i hemmet. Han \u00e4r ca 8 m\u00e5nader och kastrerad, vaccinerad och chippad.\nHemmet skriver: Du kom till oss som ett fluffigt litet yrv\u00e4der, fullkomligt oemotst\u00e5ndlig. Redan n\u00e4r vi tittade p\u00e5 varandra f\u00f6rsta g\u00e5ngen var det ett faktum, det var du och jag. Gusten, du \u00e4r en av de d\u00e4r s\u00e4llsynta guldkornen, din personlighet, genomsn\u00e4lla hj\u00e4rta och stora bruna \u00f6gon. Gusten \u00e4r sn\u00e4ll mot alla, djur som m\u00e4nniskor. Han anpassar sig till allt s\u00e5 l\u00e4nge han blir klappad (MYCKET), f\u00e5r mat och en ren l\u00e5da. Gusten passar en familj med b\u00e5de stora och sm\u00e5 barn eller inga alls men vill inte vara ensamkatt. Han hade ocks\u00e5 \u00e4lskat att f\u00e5 komma ut. Gusten kommer att bli en riktigt stor gosse! Gustens flytt \u00e4r en av de tyngsta besluten vi tagit men ett illa m\u00e5ste d\u00e5 v\u00e5r \u00e4ldre dam \u00e4r riktigt stygg vid honom.<\/p>\n","protected":false},"excerpt":{"rendered":"<p>Gusten har f\u00e5tt ett nytt hem, han har flyttat till en familj som redan tidigare adopterat en av kattungarna fr\u00e5n Vadensj\u00f6. Lycka till i nya hemmet finaste Gusten! Vadensj\u00f6kisen Gusten beh\u00f6vde ett nytt hem d\u00e5 det inte fungerade med en av honorna i hemmet. Han \u00e4r ca 8 m\u00e5nader och kastrerad, vaccinerad och chippad. Hemmet skriver: Du kom till oss som ett fluffigt litet yrv\u00e4der, fullkomligt oemotst\u00e5ndlig. Redan n\u00e4r vi&hellip;<\/p>\n<p><a class=\"more-link\" href=\"https:\/\/www.djurskyddet.se\/landskrona\/senaste-nytt\/gusten-2\/\" title=\"Continue reading &lsquo;Gusten&rsquo;\">L&auml;s mer<span class=\"meta-nav\">&raquo;<\/span><\/a><\/p>\n","protected":false},"author":27,"featured_media":0,"comment_status":"closed","ping_status":"open","sticky":false,"template":"","format":"standard","meta":{"_acf_changed":false,"footnotes":""},"categories":[18],"tags":[],"class_list":["post-6531","post","type-post","status-publish","format-standard","hentry","category-senaste-nytt"],"acf":[],"_links":{"self":[{"href":"https:\/\/www.djurskyddet.se\/landskrona\/wp-json\/wp\/v2\/posts\/6531","targetHints":{"allow":["GET"]}}],"collection":[{"href":"https:\/\/www.djurskyddet.se\/landskrona\/wp-json\/wp\/v2\/posts"}],"about":[{"href":"https:\/\/www.djurskyddet.se\/landskrona\/wp-json\/wp\/v2\/types\/post"}],"author":[{"embeddable":true,"href":"https:\/\/www.djurskyddet.se\/landskrona\/wp-json\/wp\/v2\/users\/27"}],"replies":[{"embeddable":true,"href":"https:\/\/www.djurskyddet.se\/landskrona\/wp-json\/wp\/v2\/comments?post=6531"}],"version-history":[{"count":1,"href":"https:\/\/www.djurskyddet.se\/landskrona\/wp-json\/wp\/v2\/posts\/6531\/revisions"}],"predecessor-version":[{"id":6532,"href":"https:\/\/www.djurskyddet.se\/landskrona\/wp-json\/wp\/v2\/posts\/6531\/revisions\/6532"}],"wp:attachment":[{"href":"https:\/\/www.djurskyddet.se\/landskrona\/wp-json\/wp\/v2\/media?parent=6531"}],"wp:term":[{"taxonomy":"category","embeddable":true,"href":"https:\/\/www.djurskyddet.se\/landskrona\/wp-json\/wp\/v2\/categories?post=6531"},{"taxonomy":"post_tag","embeddable":true,"href":"https:\/\/www.djurskyddet.se\/landskrona\/wp-json\/wp\/v2\/tags?post=6531"}],"curies":[{"name":"wp","href":"https:\/\/api.w.org\/{rel}","templated":true}]}}