{"id":6548,"date":"2020-05-07T18:51:07","date_gmt":"2020-05-07T18:51:07","guid":{"rendered":"https:\/\/www.djurskyddet.se\/landskrona\/?p=6548"},"modified":"2020-05-07T18:51:09","modified_gmt":"2020-05-07T18:51:09","slug":"max-2","status":"publish","type":"post","link":"https:\/\/www.djurskyddet.se\/landskrona\/senaste-nytt\/max-2\/","title":{"rendered":"Max"},"content":{"rendered":"\n<figure class=\"wp-block-image\"><img loading=\"lazy\" decoding=\"async\" width=\"720\" height=\"960\" src=\"https:\/\/www.djurskyddet.se\/landskrona\/wp-content\/uploads\/sites\/22\/2020\/05\/Proppen.jpg\" alt=\"\" class=\"wp-image-6542\" srcset=\"https:\/\/www.djurskyddet.se\/landskrona\/wp-content\/uploads\/sites\/22\/2020\/05\/Proppen.jpg 720w, https:\/\/www.djurskyddet.se\/landskrona\/wp-content\/uploads\/sites\/22\/2020\/05\/Proppen-225x300.jpg 225w, https:\/\/www.djurskyddet.se\/landskrona\/wp-content\/uploads\/sites\/22\/2020\/05\/Proppen-400x533.jpg 400w\" sizes=\"auto, (max-width: 720px) 100vw, 720px\" \/><\/figure>\n\n\n\n<p>Max (Proppen) fr\u00e5n Vadensj\u00f6 har blivit adopterad av jourhemmet d\u00e4r han trivs och f\u00e5r stanna kvar. S\u00e5 h\u00e4r skriver st\u00f6dhemmet om Max (f.d.Proppen): Att ha tagit in dig i mitt hem \u00e4r bland det b\u00e4sta som h\u00e4nt. Du har bott h\u00e4r i lite mer \u00e4n 2 m\u00e5nader och du har gett mig s\u00e5 mycket k\u00e4rlek\u2763\ufe0f efter dessa m\u00e5nader d\u00e4r du inte har velat bli klappad, till att under denna veckan g\u00e5tt och strykt dig mot mina ben och idag velat bli klappad. Det \u00e4r otroliga framsteg och vi forts\u00e4tter fram\u00e5t tillsammans varje dag. Att vara jourhem till en katt borde fler bli! <\/p>\n","protected":false},"excerpt":{"rendered":"<p>Max (Proppen) fr\u00e5n Vadensj\u00f6 har blivit adopterad av jourhemmet d\u00e4r han trivs och f\u00e5r stanna kvar. S\u00e5 h\u00e4r skriver st\u00f6dhemmet om Max (f.d.Proppen): Att ha tagit in dig i mitt hem \u00e4r bland det b\u00e4sta som h\u00e4nt. Du har bott h\u00e4r i lite mer \u00e4n 2 m\u00e5nader och du har gett mig s\u00e5 mycket k\u00e4rlek\u2763\ufe0f efter dessa m\u00e5nader d\u00e4r du inte har velat bli klappad, till att under denna veckan&hellip;<\/p>\n<p><a class=\"more-link\" href=\"https:\/\/www.djurskyddet.se\/landskrona\/senaste-nytt\/max-2\/\" title=\"Continue reading &lsquo;Max&rsquo;\">L&auml;s mer<span class=\"meta-nav\">&raquo;<\/span><\/a><\/p>\n","protected":false},"author":27,"featured_media":0,"comment_status":"closed","ping_status":"open","sticky":false,"template":"","format":"standard","meta":{"_acf_changed":false,"footnotes":""},"categories":[18],"tags":[],"class_list":["post-6548","post","type-post","status-publish","format-standard","hentry","category-senaste-nytt"],"acf":[],"_links":{"self":[{"href":"https:\/\/www.djurskyddet.se\/landskrona\/wp-json\/wp\/v2\/posts\/6548","targetHints":{"allow":["GET"]}}],"collection":[{"href":"https:\/\/www.djurskyddet.se\/landskrona\/wp-json\/wp\/v2\/posts"}],"about":[{"href":"https:\/\/www.djurskyddet.se\/landskrona\/wp-json\/wp\/v2\/types\/post"}],"author":[{"embeddable":true,"href":"https:\/\/www.djurskyddet.se\/landskrona\/wp-json\/wp\/v2\/users\/27"}],"replies":[{"embeddable":true,"href":"https:\/\/www.djurskyddet.se\/landskrona\/wp-json\/wp\/v2\/comments?post=6548"}],"version-history":[{"count":1,"href":"https:\/\/www.djurskyddet.se\/landskrona\/wp-json\/wp\/v2\/posts\/6548\/revisions"}],"predecessor-version":[{"id":6549,"href":"https:\/\/www.djurskyddet.se\/landskrona\/wp-json\/wp\/v2\/posts\/6548\/revisions\/6549"}],"wp:attachment":[{"href":"https:\/\/www.djurskyddet.se\/landskrona\/wp-json\/wp\/v2\/media?parent=6548"}],"wp:term":[{"taxonomy":"category","embeddable":true,"href":"https:\/\/www.djurskyddet.se\/landskrona\/wp-json\/wp\/v2\/categories?post=6548"},{"taxonomy":"post_tag","embeddable":true,"href":"https:\/\/www.djurskyddet.se\/landskrona\/wp-json\/wp\/v2\/tags?post=6548"}],"curies":[{"name":"wp","href":"https:\/\/api.w.org\/{rel}","templated":true}]}}