{"id":6562,"date":"2020-05-15T20:26:22","date_gmt":"2020-05-15T20:26:22","guid":{"rendered":"https:\/\/www.djurskyddet.se\/landskrona\/?p=6562"},"modified":"2020-05-15T20:30:21","modified_gmt":"2020-05-15T20:30:21","slug":"finnie-2","status":"publish","type":"post","link":"https:\/\/www.djurskyddet.se\/landskrona\/senaste-nytt\/finnie-2\/","title":{"rendered":"Finnie"},"content":{"rendered":"\n<figure class=\"wp-block-image\"><img loading=\"lazy\" decoding=\"async\" width=\"720\" height=\"960\" src=\"https:\/\/www.djurskyddet.se\/landskrona\/wp-content\/uploads\/sites\/22\/2020\/03\/89420482_3432889016737917_7405636693438496768_o.jpg\" alt=\"\" class=\"wp-image-6331\" srcset=\"https:\/\/www.djurskyddet.se\/landskrona\/wp-content\/uploads\/sites\/22\/2020\/03\/89420482_3432889016737917_7405636693438496768_o.jpg 720w, https:\/\/www.djurskyddet.se\/landskrona\/wp-content\/uploads\/sites\/22\/2020\/03\/89420482_3432889016737917_7405636693438496768_o-225x300.jpg 225w, https:\/\/www.djurskyddet.se\/landskrona\/wp-content\/uploads\/sites\/22\/2020\/03\/89420482_3432889016737917_7405636693438496768_o-400x533.jpg 400w\" sizes=\"auto, (max-width: 720px) 100vw, 720px\" \/><\/figure>\n\n\n\n<p>Nu har lilla Finnie f\u00e5tt flytta till sitt nya hem i Bjuv. Vi \u00f6nskar honom lycka till! Finnie blev r\u00e4ddad fr\u00e5n ett grymt uteliv n\u00e4r han var ca 12 veckor. \nJourhemmet skriver:Finnie rymdes i en 2-liters GB-glassl\u00e5da n\u00e4r han kom in. Han var arg som ett bi och hela hans lilla kropp hoppade n\u00e4r han spottade och fr\u00e4ste. Han var h\u00e5rt drabbad av mask och var sv\u00e5r att \u00e5ldersbest\u00e4mma p\u00e5 grund av sin stora mage och kompakta format. Vi har g\u00e5tt fr\u00e5n att inte kunna vara n\u00e4ra till att sitta bredvid, kunna klappa, leka och nu b\u00e4ra runt. Finnie litar inte p\u00e5 fr\u00e4mlingar riktigt \u00e4n men med hans enorma utveckling har potentialen inga gr\u00e4nser. Han busar g\u00e4rna med de andra kisarna och p\u00e5 natten smyger han upp och kurrar ihop sig i mitt t\u00e4cke.<\/p>\n","protected":false},"excerpt":{"rendered":"<p>Nu har lilla Finnie f\u00e5tt flytta till sitt nya hem i Bjuv. Vi \u00f6nskar honom lycka till! Finnie blev r\u00e4ddad fr\u00e5n ett grymt uteliv n\u00e4r han var ca 12 veckor. Jourhemmet skriver:Finnie rymdes i en 2-liters GB-glassl\u00e5da n\u00e4r han kom in. Han var arg som ett bi och hela hans lilla kropp hoppade n\u00e4r han spottade och fr\u00e4ste. Han var h\u00e5rt drabbad av mask och var sv\u00e5r att \u00e5ldersbest\u00e4mma p\u00e5&hellip;<\/p>\n<p><a class=\"more-link\" href=\"https:\/\/www.djurskyddet.se\/landskrona\/senaste-nytt\/finnie-2\/\" title=\"Continue reading &lsquo;Finnie&rsquo;\">L&auml;s mer<span class=\"meta-nav\">&raquo;<\/span><\/a><\/p>\n","protected":false},"author":27,"featured_media":0,"comment_status":"closed","ping_status":"open","sticky":false,"template":"","format":"standard","meta":{"_acf_changed":false,"footnotes":""},"categories":[18],"tags":[],"class_list":["post-6562","post","type-post","status-publish","format-standard","hentry","category-senaste-nytt"],"acf":[],"_links":{"self":[{"href":"https:\/\/www.djurskyddet.se\/landskrona\/wp-json\/wp\/v2\/posts\/6562","targetHints":{"allow":["GET"]}}],"collection":[{"href":"https:\/\/www.djurskyddet.se\/landskrona\/wp-json\/wp\/v2\/posts"}],"about":[{"href":"https:\/\/www.djurskyddet.se\/landskrona\/wp-json\/wp\/v2\/types\/post"}],"author":[{"embeddable":true,"href":"https:\/\/www.djurskyddet.se\/landskrona\/wp-json\/wp\/v2\/users\/27"}],"replies":[{"embeddable":true,"href":"https:\/\/www.djurskyddet.se\/landskrona\/wp-json\/wp\/v2\/comments?post=6562"}],"version-history":[{"count":1,"href":"https:\/\/www.djurskyddet.se\/landskrona\/wp-json\/wp\/v2\/posts\/6562\/revisions"}],"predecessor-version":[{"id":6563,"href":"https:\/\/www.djurskyddet.se\/landskrona\/wp-json\/wp\/v2\/posts\/6562\/revisions\/6563"}],"wp:attachment":[{"href":"https:\/\/www.djurskyddet.se\/landskrona\/wp-json\/wp\/v2\/media?parent=6562"}],"wp:term":[{"taxonomy":"category","embeddable":true,"href":"https:\/\/www.djurskyddet.se\/landskrona\/wp-json\/wp\/v2\/categories?post=6562"},{"taxonomy":"post_tag","embeddable":true,"href":"https:\/\/www.djurskyddet.se\/landskrona\/wp-json\/wp\/v2\/tags?post=6562"}],"curies":[{"name":"wp","href":"https:\/\/api.w.org\/{rel}","templated":true}]}}