{"id":6602,"date":"2020-05-30T18:34:00","date_gmt":"2020-05-30T18:34:00","guid":{"rendered":"https:\/\/www.djurskyddet.se\/landskrona\/?p=6602"},"modified":"2020-05-30T18:39:20","modified_gmt":"2020-05-30T18:39:20","slug":"mats","status":"publish","type":"post","link":"https:\/\/www.djurskyddet.se\/landskrona\/senaste-nytt\/mats\/","title":{"rendered":"Mats"},"content":{"rendered":"\n<figure class=\"wp-block-image\"><img loading=\"lazy\" decoding=\"async\" width=\"720\" height=\"960\" src=\"https:\/\/www.djurskyddet.se\/landskrona\/wp-content\/uploads\/sites\/22\/2020\/03\/88240675_3416572141702938_5456596095180210176_n.jpg\" alt=\"\" class=\"wp-image-6311\" srcset=\"https:\/\/www.djurskyddet.se\/landskrona\/wp-content\/uploads\/sites\/22\/2020\/03\/88240675_3416572141702938_5456596095180210176_n.jpg 720w, https:\/\/www.djurskyddet.se\/landskrona\/wp-content\/uploads\/sites\/22\/2020\/03\/88240675_3416572141702938_5456596095180210176_n-225x300.jpg 225w, https:\/\/www.djurskyddet.se\/landskrona\/wp-content\/uploads\/sites\/22\/2020\/03\/88240675_3416572141702938_5456596095180210176_n-400x533.jpg 400w\" sizes=\"auto, (max-width: 720px) 100vw, 720px\" \/><\/figure>\n\n\n\n<p>Idag har Mats hittat hem. Vi \u00e4r s\u00e5 glada och \u00f6nskar honom lycka till i nya hemmet i B\u00e5rsl\u00f6v.<\/p>\n\n\n\n<p>Mats &#8221;ber\u00e4ttar&#8221;: Jag heter Mats (egentligen \u00e4r jag Prinsen fr\u00e5n Drottningg\u00e5rden i Landskrona). Under v\u00e5ren, sommaren och h\u00f6sten var det m\u00e5nga som f\u00f6rs\u00f6kte hj\u00e4lpa mig att f\u00e5 komma in. Det fanns ingen plats n\u00e5gonstans till mig. Jag gick runt i Drottningen i Landskrona och s\u00f6kte mat och skydd hos sn\u00e4lla m\u00e4nniskor. 30\/12 2019 n\u00e4stan sista dagen p\u00e5 \u00e5ret blev det en plats ledig hos Djurskyddet i Landskrona. Jag blev kastrerad, vaccinerad och chipm\u00e4rkt direkt, och jag var s\u00e5 lagom road av det. I b\u00f6rjan tyckte jag inte alls om att vara inne och ville inte g\u00e5 p\u00e5 l\u00e5dan. Nu har jag bott in mig och har blivit en duktig pojke. Jourmatte tror jag kan klockan. Varje morgon n\u00e4r klocka ringer ber\u00e4ttar jag h\u00f6gt och tydligt att hon ska g\u00e5 upp. Jag kan inte klockan men hon har sovit hela natten utan att klappa och kela med mig s\u00e5 det \u00e4r d\u00e4rf\u00f6r hon ska upp. N\u00e4r hon dricker morgonkaffe ligger jag p\u00e5 bordet s\u00e5 hon inte missar att klappa mig. I b\u00f6rjan lekte jag bara med bollar. Det \u00e4r fortfarande min favoritleksak men ibland leker jag med andra saker ox\u00e5. Jag g\u00e5r p\u00e5 l\u00e5dan nu men jag vill ha 2 st s\u00e5 jag sj\u00e4lv kan v\u00e4lja var jag ska g\u00e5 och jag kr\u00e4ver att de st\u00e4das ofta. Mina leksaker brukar ligga vid kl\u00f6sbr\u00e4dan s\u00e5 det var inte sv\u00e5rt att f\u00f6rst\u00e5 att jag inte skulle kl\u00f6sa p\u00e5 m\u00f6blerna. Lite rastl\u00f6s \u00e4r jag f\u00f6r jag vill g\u00e4rna vara ute och leka, jaga och springa. 29\/1 Var Mats hos veterin\u00e4ren. S\u00e5 h\u00e4r skriver veterin\u00e4ren om Mats: \u201dDen h\u00e4r underbara katten Mats kom till mig idag f\u00f6r att bli vaccinerad p\u00e5 Evidensia Limhamn\u201d. <\/p>\n","protected":false},"excerpt":{"rendered":"<p>Idag har Mats hittat hem. Vi \u00e4r s\u00e5 glada och \u00f6nskar honom lycka till i nya hemmet i B\u00e5rsl\u00f6v. Mats &#8221;ber\u00e4ttar&#8221;: Jag heter Mats (egentligen \u00e4r jag Prinsen fr\u00e5n Drottningg\u00e5rden i Landskrona). Under v\u00e5ren, sommaren och h\u00f6sten var det m\u00e5nga som f\u00f6rs\u00f6kte hj\u00e4lpa mig att f\u00e5 komma in. Det fanns ingen plats n\u00e5gonstans till mig. Jag gick runt i Drottningen i Landskrona och s\u00f6kte mat och skydd hos sn\u00e4lla m\u00e4nniskor.&hellip;<\/p>\n<p><a class=\"more-link\" href=\"https:\/\/www.djurskyddet.se\/landskrona\/senaste-nytt\/mats\/\" title=\"Continue reading &lsquo;Mats&rsquo;\">L&auml;s mer<span class=\"meta-nav\">&raquo;<\/span><\/a><\/p>\n","protected":false},"author":27,"featured_media":0,"comment_status":"closed","ping_status":"open","sticky":false,"template":"","format":"standard","meta":{"_acf_changed":false,"footnotes":""},"categories":[18],"tags":[],"class_list":["post-6602","post","type-post","status-publish","format-standard","hentry","category-senaste-nytt"],"acf":[],"_links":{"self":[{"href":"https:\/\/www.djurskyddet.se\/landskrona\/wp-json\/wp\/v2\/posts\/6602","targetHints":{"allow":["GET"]}}],"collection":[{"href":"https:\/\/www.djurskyddet.se\/landskrona\/wp-json\/wp\/v2\/posts"}],"about":[{"href":"https:\/\/www.djurskyddet.se\/landskrona\/wp-json\/wp\/v2\/types\/post"}],"author":[{"embeddable":true,"href":"https:\/\/www.djurskyddet.se\/landskrona\/wp-json\/wp\/v2\/users\/27"}],"replies":[{"embeddable":true,"href":"https:\/\/www.djurskyddet.se\/landskrona\/wp-json\/wp\/v2\/comments?post=6602"}],"version-history":[{"count":2,"href":"https:\/\/www.djurskyddet.se\/landskrona\/wp-json\/wp\/v2\/posts\/6602\/revisions"}],"predecessor-version":[{"id":6605,"href":"https:\/\/www.djurskyddet.se\/landskrona\/wp-json\/wp\/v2\/posts\/6602\/revisions\/6605"}],"wp:attachment":[{"href":"https:\/\/www.djurskyddet.se\/landskrona\/wp-json\/wp\/v2\/media?parent=6602"}],"wp:term":[{"taxonomy":"category","embeddable":true,"href":"https:\/\/www.djurskyddet.se\/landskrona\/wp-json\/wp\/v2\/categories?post=6602"},{"taxonomy":"post_tag","embeddable":true,"href":"https:\/\/www.djurskyddet.se\/landskrona\/wp-json\/wp\/v2\/tags?post=6602"}],"curies":[{"name":"wp","href":"https:\/\/api.w.org\/{rel}","templated":true}]}}