{"id":6628,"date":"2020-06-05T18:58:42","date_gmt":"2020-06-05T18:58:42","guid":{"rendered":"https:\/\/www.djurskyddet.se\/landskrona\/?p=6628"},"modified":"2020-06-05T19:05:21","modified_gmt":"2020-06-05T19:05:21","slug":"hardis","status":"publish","type":"post","link":"https:\/\/www.djurskyddet.se\/landskrona\/senaste-nytt\/hardis\/","title":{"rendered":"H\u00e4rdis"},"content":{"rendered":"\n<figure class=\"wp-block-image\"><img loading=\"lazy\" decoding=\"async\" width=\"720\" height=\"960\" src=\"https:\/\/www.djurskyddet.se\/landskrona\/wp-content\/uploads\/sites\/22\/2020\/05\/H\u00e4rdis.jpg\" alt=\"\" class=\"wp-image-6567\" srcset=\"https:\/\/www.djurskyddet.se\/landskrona\/wp-content\/uploads\/sites\/22\/2020\/05\/H\u00e4rdis.jpg 720w, https:\/\/www.djurskyddet.se\/landskrona\/wp-content\/uploads\/sites\/22\/2020\/05\/H\u00e4rdis-225x300.jpg 225w, https:\/\/www.djurskyddet.se\/landskrona\/wp-content\/uploads\/sites\/22\/2020\/05\/H\u00e4rdis-400x533.jpg 400w\" sizes=\"auto, (max-width: 720px) 100vw, 720px\" \/><\/figure>\n\n\n\n<p>Nu har H\u00e4rdis blivit adopterad och har flyttat med sin nya v\u00e4n S\u00f6tnos till nytt hem. Vi \u00f6nskar dem b\u00e5da lycka till. H\u00e4rdis har i ca 2 m\u00e5nader vandrat runt i H\u00e4rsl\u00f6v och efterlysningar har g\u00e5tt ut men har inte gett resultat. Till slut kontaktade en djurv\u00e4n oss och hon fick komma till ett av v\u00e5ra jourhem. Hon var mager, full med mask och f\u00e4stingar. Efter bara n\u00e5gra timmar vandrade hon runt i huset med hund, papegoja och andra katter precis som hon inte gjort annat. Det \u00e4r en riktig donna med l\u00e5nga ben, l\u00e5ng elegant svans och sammetsp\u00e4ls, en riktig fotomodell.<\/p>\n","protected":false},"excerpt":{"rendered":"<p>Nu har H\u00e4rdis blivit adopterad och har flyttat med sin nya v\u00e4n S\u00f6tnos till nytt hem. Vi \u00f6nskar dem b\u00e5da lycka till. H\u00e4rdis har i ca 2 m\u00e5nader vandrat runt i H\u00e4rsl\u00f6v och efterlysningar har g\u00e5tt ut men har inte gett resultat. Till slut kontaktade en djurv\u00e4n oss och hon fick komma till ett av v\u00e5ra jourhem. Hon var mager, full med mask och f\u00e4stingar. Efter bara n\u00e5gra timmar vandrade&hellip;<\/p>\n<p><a class=\"more-link\" href=\"https:\/\/www.djurskyddet.se\/landskrona\/senaste-nytt\/hardis\/\" title=\"Continue reading &lsquo;H\u00e4rdis&rsquo;\">L&auml;s mer<span class=\"meta-nav\">&raquo;<\/span><\/a><\/p>\n","protected":false},"author":27,"featured_media":0,"comment_status":"closed","ping_status":"open","sticky":false,"template":"","format":"standard","meta":{"_acf_changed":false,"footnotes":""},"categories":[18],"tags":[],"class_list":["post-6628","post","type-post","status-publish","format-standard","hentry","category-senaste-nytt"],"acf":[],"_links":{"self":[{"href":"https:\/\/www.djurskyddet.se\/landskrona\/wp-json\/wp\/v2\/posts\/6628","targetHints":{"allow":["GET"]}}],"collection":[{"href":"https:\/\/www.djurskyddet.se\/landskrona\/wp-json\/wp\/v2\/posts"}],"about":[{"href":"https:\/\/www.djurskyddet.se\/landskrona\/wp-json\/wp\/v2\/types\/post"}],"author":[{"embeddable":true,"href":"https:\/\/www.djurskyddet.se\/landskrona\/wp-json\/wp\/v2\/users\/27"}],"replies":[{"embeddable":true,"href":"https:\/\/www.djurskyddet.se\/landskrona\/wp-json\/wp\/v2\/comments?post=6628"}],"version-history":[{"count":1,"href":"https:\/\/www.djurskyddet.se\/landskrona\/wp-json\/wp\/v2\/posts\/6628\/revisions"}],"predecessor-version":[{"id":6629,"href":"https:\/\/www.djurskyddet.se\/landskrona\/wp-json\/wp\/v2\/posts\/6628\/revisions\/6629"}],"wp:attachment":[{"href":"https:\/\/www.djurskyddet.se\/landskrona\/wp-json\/wp\/v2\/media?parent=6628"}],"wp:term":[{"taxonomy":"category","embeddable":true,"href":"https:\/\/www.djurskyddet.se\/landskrona\/wp-json\/wp\/v2\/categories?post=6628"},{"taxonomy":"post_tag","embeddable":true,"href":"https:\/\/www.djurskyddet.se\/landskrona\/wp-json\/wp\/v2\/tags?post=6628"}],"curies":[{"name":"wp","href":"https:\/\/api.w.org\/{rel}","templated":true}]}}