{"id":6886,"date":"2020-09-29T17:54:10","date_gmt":"2020-09-29T17:54:10","guid":{"rendered":"https:\/\/www.djurskyddet.se\/landskrona\/?p=6886"},"modified":"2020-09-29T17:54:12","modified_gmt":"2020-09-29T17:54:12","slug":"knut-arne","status":"publish","type":"post","link":"https:\/\/www.djurskyddet.se\/landskrona\/senaste-nytt\/knut-arne\/","title":{"rendered":"Knut-Arne"},"content":{"rendered":"\n<figure class=\"wp-block-image\"><img loading=\"lazy\" decoding=\"async\" width=\"720\" height=\"960\" src=\"https:\/\/www.djurskyddet.se\/landskrona\/wp-content\/uploads\/sites\/22\/2020\/09\/Knut-Arne.jpg\" alt=\"\" class=\"wp-image-6887\" srcset=\"https:\/\/www.djurskyddet.se\/landskrona\/wp-content\/uploads\/sites\/22\/2020\/09\/Knut-Arne.jpg 720w, https:\/\/www.djurskyddet.se\/landskrona\/wp-content\/uploads\/sites\/22\/2020\/09\/Knut-Arne-225x300.jpg 225w, https:\/\/www.djurskyddet.se\/landskrona\/wp-content\/uploads\/sites\/22\/2020\/09\/Knut-Arne-400x533.jpg 400w\" sizes=\"auto, (max-width: 720px) 100vw, 720px\" \/><\/figure>\n\n\n\n<p> Knut-Arne har nu blivit adopterad. Lycka till lilla v\u00e4n!\u00a0<\/p>\n\n\n\n<p>Knut-Arne \u00e4r en av kattungarna fr\u00e5n f\u00f6rsta S\u00e4bykattfamiljen som kom in. <\/p>\n","protected":false},"excerpt":{"rendered":"<p>Knut-Arne har nu blivit adopterad. Lycka till lilla v\u00e4n!\u00a0 Knut-Arne \u00e4r en av kattungarna fr\u00e5n f\u00f6rsta S\u00e4bykattfamiljen som kom in.<\/p>\n","protected":false},"author":27,"featured_media":0,"comment_status":"closed","ping_status":"open","sticky":false,"template":"","format":"standard","meta":{"_acf_changed":false,"footnotes":""},"categories":[18],"tags":[],"class_list":["post-6886","post","type-post","status-publish","format-standard","hentry","category-senaste-nytt"],"acf":[],"_links":{"self":[{"href":"https:\/\/www.djurskyddet.se\/landskrona\/wp-json\/wp\/v2\/posts\/6886","targetHints":{"allow":["GET"]}}],"collection":[{"href":"https:\/\/www.djurskyddet.se\/landskrona\/wp-json\/wp\/v2\/posts"}],"about":[{"href":"https:\/\/www.djurskyddet.se\/landskrona\/wp-json\/wp\/v2\/types\/post"}],"author":[{"embeddable":true,"href":"https:\/\/www.djurskyddet.se\/landskrona\/wp-json\/wp\/v2\/users\/27"}],"replies":[{"embeddable":true,"href":"https:\/\/www.djurskyddet.se\/landskrona\/wp-json\/wp\/v2\/comments?post=6886"}],"version-history":[{"count":1,"href":"https:\/\/www.djurskyddet.se\/landskrona\/wp-json\/wp\/v2\/posts\/6886\/revisions"}],"predecessor-version":[{"id":6888,"href":"https:\/\/www.djurskyddet.se\/landskrona\/wp-json\/wp\/v2\/posts\/6886\/revisions\/6888"}],"wp:attachment":[{"href":"https:\/\/www.djurskyddet.se\/landskrona\/wp-json\/wp\/v2\/media?parent=6886"}],"wp:term":[{"taxonomy":"category","embeddable":true,"href":"https:\/\/www.djurskyddet.se\/landskrona\/wp-json\/wp\/v2\/categories?post=6886"},{"taxonomy":"post_tag","embeddable":true,"href":"https:\/\/www.djurskyddet.se\/landskrona\/wp-json\/wp\/v2\/tags?post=6886"}],"curies":[{"name":"wp","href":"https:\/\/api.w.org\/{rel}","templated":true}]}}