{"id":6954,"date":"2020-10-22T18:36:21","date_gmt":"2020-10-22T18:36:21","guid":{"rendered":"https:\/\/www.djurskyddet.se\/landskrona\/?p=6954"},"modified":"2020-10-22T18:36:30","modified_gmt":"2020-10-22T18:36:30","slug":"tezla-2","status":"publish","type":"post","link":"https:\/\/www.djurskyddet.se\/landskrona\/senaste-nytt\/tezla-2\/","title":{"rendered":"Tezla"},"content":{"rendered":"\n<figure class=\"wp-block-image\"><img loading=\"lazy\" decoding=\"async\" width=\"1024\" height=\"768\" src=\"https:\/\/www.djurskyddet.se\/landskrona\/wp-content\/uploads\/sites\/22\/2020\/09\/Tezla-1024x768.jpg\" alt=\"\" class=\"wp-image-6831\" srcset=\"https:\/\/www.djurskyddet.se\/landskrona\/wp-content\/uploads\/sites\/22\/2020\/09\/Tezla.jpg 1024w, https:\/\/www.djurskyddet.se\/landskrona\/wp-content\/uploads\/sites\/22\/2020\/09\/Tezla-300x225.jpg 300w, https:\/\/www.djurskyddet.se\/landskrona\/wp-content\/uploads\/sites\/22\/2020\/09\/Tezla-768x576.jpg 768w, https:\/\/www.djurskyddet.se\/landskrona\/wp-content\/uploads\/sites\/22\/2020\/09\/Tezla-400x300.jpg 400w\" sizes=\"auto, (max-width: 1024px) 100vw, 1024px\" \/><\/figure>\n\n\n\n<p>Tezla, upphittad i S\u00e4by, en i en syskonskara p\u00e5 fyra ungar. F\u00f6dd 1\/6-20.<\/p>\n\n\n\n<p>Jourhemmet skriver s\u00e5 h\u00e4r efter en tid hos dem: Tezla har varit den r\u00e4dda och skygga. Det \u00e4r s\u00e5 h\u00e4rligt att se att det sl\u00e4ppt. Hon \u00e4r ute och leker med oss och syskonen. Nu g\u00e5r hon runt och utforskar med en stolt h\u00e5llning. Hon \u00e4r envis och har en h\u00e4rlig personlighet. Hon \u00e4r den lugnaste och sover lite mer \u00e4n de andra. Hon gillar \u00e4nd\u00e5 lek och bus men kanske i lite kortare stunder \u00e4n sina syskon. K\u00e4nslan \u00e4r att Tezla \u00e4r en djuping. N\u00e4r man vunnit hennes f\u00f6rtroende s\u00e5 har man en otroligt tillgiven och trogen b\u00e4sta v\u00e4n. <\/p>\n\n\n\n<p>Tezla har nu f\u00e5tt ett nytt hem i Ekeby.<br><\/p>\n","protected":false},"excerpt":{"rendered":"<p>Tezla, upphittad i S\u00e4by, en i en syskonskara p\u00e5 fyra ungar. F\u00f6dd 1\/6-20. Jourhemmet skriver s\u00e5 h\u00e4r efter en tid hos dem: Tezla har varit den r\u00e4dda och skygga. Det \u00e4r s\u00e5 h\u00e4rligt att se att det sl\u00e4ppt. Hon \u00e4r ute och leker med oss och syskonen. Nu g\u00e5r hon runt och utforskar med en stolt h\u00e5llning. Hon \u00e4r envis och har en h\u00e4rlig personlighet. Hon \u00e4r den lugnaste och&hellip;<\/p>\n<p><a class=\"more-link\" href=\"https:\/\/www.djurskyddet.se\/landskrona\/senaste-nytt\/tezla-2\/\" title=\"Continue reading &lsquo;Tezla&rsquo;\">L&auml;s mer<span class=\"meta-nav\">&raquo;<\/span><\/a><\/p>\n","protected":false},"author":27,"featured_media":0,"comment_status":"closed","ping_status":"open","sticky":false,"template":"","format":"standard","meta":{"_acf_changed":false,"footnotes":""},"categories":[18],"tags":[],"class_list":["post-6954","post","type-post","status-publish","format-standard","hentry","category-senaste-nytt"],"acf":[],"_links":{"self":[{"href":"https:\/\/www.djurskyddet.se\/landskrona\/wp-json\/wp\/v2\/posts\/6954","targetHints":{"allow":["GET"]}}],"collection":[{"href":"https:\/\/www.djurskyddet.se\/landskrona\/wp-json\/wp\/v2\/posts"}],"about":[{"href":"https:\/\/www.djurskyddet.se\/landskrona\/wp-json\/wp\/v2\/types\/post"}],"author":[{"embeddable":true,"href":"https:\/\/www.djurskyddet.se\/landskrona\/wp-json\/wp\/v2\/users\/27"}],"replies":[{"embeddable":true,"href":"https:\/\/www.djurskyddet.se\/landskrona\/wp-json\/wp\/v2\/comments?post=6954"}],"version-history":[{"count":1,"href":"https:\/\/www.djurskyddet.se\/landskrona\/wp-json\/wp\/v2\/posts\/6954\/revisions"}],"predecessor-version":[{"id":6955,"href":"https:\/\/www.djurskyddet.se\/landskrona\/wp-json\/wp\/v2\/posts\/6954\/revisions\/6955"}],"wp:attachment":[{"href":"https:\/\/www.djurskyddet.se\/landskrona\/wp-json\/wp\/v2\/media?parent=6954"}],"wp:term":[{"taxonomy":"category","embeddable":true,"href":"https:\/\/www.djurskyddet.se\/landskrona\/wp-json\/wp\/v2\/categories?post=6954"},{"taxonomy":"post_tag","embeddable":true,"href":"https:\/\/www.djurskyddet.se\/landskrona\/wp-json\/wp\/v2\/tags?post=6954"}],"curies":[{"name":"wp","href":"https:\/\/api.w.org\/{rel}","templated":true}]}}