{"id":6985,"date":"2020-10-27T17:37:23","date_gmt":"2020-10-27T17:37:23","guid":{"rendered":"https:\/\/www.djurskyddet.se\/landskrona\/?p=6985"},"modified":"2020-10-27T17:38:58","modified_gmt":"2020-10-27T17:38:58","slug":"sara","status":"publish","type":"post","link":"https:\/\/www.djurskyddet.se\/landskrona\/senaste-nytt\/sara\/","title":{"rendered":"Sara"},"content":{"rendered":"\n<figure class=\"wp-block-image\"><img loading=\"lazy\" decoding=\"async\" width=\"960\" height=\"720\" src=\"https:\/\/www.djurskyddet.se\/landskrona\/wp-content\/uploads\/sites\/22\/2020\/10\/Sara.jpg\" alt=\"\" class=\"wp-image-6973\" srcset=\"https:\/\/www.djurskyddet.se\/landskrona\/wp-content\/uploads\/sites\/22\/2020\/10\/Sara.jpg 960w, https:\/\/www.djurskyddet.se\/landskrona\/wp-content\/uploads\/sites\/22\/2020\/10\/Sara-300x225.jpg 300w, https:\/\/www.djurskyddet.se\/landskrona\/wp-content\/uploads\/sites\/22\/2020\/10\/Sara-768x576.jpg 768w, https:\/\/www.djurskyddet.se\/landskrona\/wp-content\/uploads\/sites\/22\/2020\/10\/Sara-400x300.jpg 400w\" sizes=\"auto, (max-width: 960px) 100vw, 960px\" \/><\/figure>\n\n\n\n<p> Det h\u00e4r \u00e4r Sara som togs in i S\u00e4by, efter att ha levt ute och f\u00e5tt flera kullar med ungar, varav de flesta f\u00e5tt en f\u00f6rtidig och pl\u00e5gsam d\u00f6d. Hon togs in tillsammans med sina ungar som nu ocks\u00e5 f\u00e5tt egna hem. Sara var sliten och inte helt frisk men har nu blivit behandlad, kastrerad och chipm\u00e4rkt. Hon har blivit adopterad av sitt jourhem i S\u00e4by och kan nu efter behandling och kastrering f\u00e5 forts\u00e4tta att leva som innekatt med tillg\u00e5ng till utevistelse vilket hon trivs b\u00e4st med. Lycka till lilla gumman&nbsp; <\/p>\n","protected":false},"excerpt":{"rendered":"<p>Det h\u00e4r \u00e4r Sara som togs in i S\u00e4by, efter att ha levt ute och f\u00e5tt flera kullar med ungar, varav de flesta f\u00e5tt en f\u00f6rtidig och pl\u00e5gsam d\u00f6d. Hon togs in tillsammans med sina ungar som nu ocks\u00e5 f\u00e5tt egna hem. Sara var sliten och inte helt frisk men har nu blivit behandlad, kastrerad och chipm\u00e4rkt. Hon har blivit adopterad av sitt jourhem i S\u00e4by och kan nu efter&hellip;<\/p>\n<p><a class=\"more-link\" href=\"https:\/\/www.djurskyddet.se\/landskrona\/senaste-nytt\/sara\/\" title=\"Continue reading &lsquo;Sara&rsquo;\">L&auml;s mer<span class=\"meta-nav\">&raquo;<\/span><\/a><\/p>\n","protected":false},"author":27,"featured_media":0,"comment_status":"closed","ping_status":"open","sticky":false,"template":"","format":"standard","meta":{"_acf_changed":false,"footnotes":""},"categories":[18],"tags":[],"class_list":["post-6985","post","type-post","status-publish","format-standard","hentry","category-senaste-nytt"],"acf":[],"_links":{"self":[{"href":"https:\/\/www.djurskyddet.se\/landskrona\/wp-json\/wp\/v2\/posts\/6985","targetHints":{"allow":["GET"]}}],"collection":[{"href":"https:\/\/www.djurskyddet.se\/landskrona\/wp-json\/wp\/v2\/posts"}],"about":[{"href":"https:\/\/www.djurskyddet.se\/landskrona\/wp-json\/wp\/v2\/types\/post"}],"author":[{"embeddable":true,"href":"https:\/\/www.djurskyddet.se\/landskrona\/wp-json\/wp\/v2\/users\/27"}],"replies":[{"embeddable":true,"href":"https:\/\/www.djurskyddet.se\/landskrona\/wp-json\/wp\/v2\/comments?post=6985"}],"version-history":[{"count":2,"href":"https:\/\/www.djurskyddet.se\/landskrona\/wp-json\/wp\/v2\/posts\/6985\/revisions"}],"predecessor-version":[{"id":6988,"href":"https:\/\/www.djurskyddet.se\/landskrona\/wp-json\/wp\/v2\/posts\/6985\/revisions\/6988"}],"wp:attachment":[{"href":"https:\/\/www.djurskyddet.se\/landskrona\/wp-json\/wp\/v2\/media?parent=6985"}],"wp:term":[{"taxonomy":"category","embeddable":true,"href":"https:\/\/www.djurskyddet.se\/landskrona\/wp-json\/wp\/v2\/categories?post=6985"},{"taxonomy":"post_tag","embeddable":true,"href":"https:\/\/www.djurskyddet.se\/landskrona\/wp-json\/wp\/v2\/tags?post=6985"}],"curies":[{"name":"wp","href":"https:\/\/api.w.org\/{rel}","templated":true}]}}