{"id":6992,"date":"2020-10-28T15:10:38","date_gmt":"2020-10-28T15:10:38","guid":{"rendered":"https:\/\/www.djurskyddet.se\/landskrona\/?p=6992"},"modified":"2020-10-28T15:10:40","modified_gmt":"2020-10-28T15:10:40","slug":"tage-och-zilla","status":"publish","type":"post","link":"https:\/\/www.djurskyddet.se\/landskrona\/senaste-nytt\/tage-och-zilla\/","title":{"rendered":"Tage och Zilla"},"content":{"rendered":"\n<figure class=\"wp-block-image\"><img loading=\"lazy\" decoding=\"async\" width=\"720\" height=\"540\" src=\"https:\/\/www.djurskyddet.se\/landskrona\/wp-content\/uploads\/sites\/22\/2020\/08\/Tage-o-Zilla.jpg\" alt=\"\" class=\"wp-image-6757\" srcset=\"https:\/\/www.djurskyddet.se\/landskrona\/wp-content\/uploads\/sites\/22\/2020\/08\/Tage-o-Zilla.jpg 720w, https:\/\/www.djurskyddet.se\/landskrona\/wp-content\/uploads\/sites\/22\/2020\/08\/Tage-o-Zilla-300x225.jpg 300w, https:\/\/www.djurskyddet.se\/landskrona\/wp-content\/uploads\/sites\/22\/2020\/08\/Tage-o-Zilla-400x300.jpg 400w\" sizes=\"auto, (max-width: 720px) 100vw, 720px\" \/><\/figure>\n\n\n\n<p> Uppdatering: S\u00f6ndag 25\/10 flyttade Tage och Zilla till sitt nya hem i \u00c5lstorp. Eftersom de har blivit s\u00e5 f\u00e4sta vid varandra i jourhemmet fick de flytta tillsammans. Nu \u00f6nskar vi dem all lycka och ett l\u00e5ngt och fint liv i sitt nya hem.<\/p>\n\n\n\n<p> <br>Jourhemmet skriver: K\u00e4rleksparet Zilla 5 \u00e5r och Tage 6 \u00e5r. I jourhemmet b\u00f6rjade klockorna ringa och k\u00e4rlek uppstod. Dessa tv\u00e5 blev f\u00f6r\u00e4lskade. Tage v\u00e5r strykarkatt som kom in med sv\u00e5ra skador och mycket sm\u00e4rta. Zilla kom in i samma hem med sina 3 sm\u00e5 ungar. Ljuv musik uppstod mellan dessa tv\u00e5 strykare. B\u00e5da har levt ett tufft liv ute, med m\u00e5nga faror, s\u00e5 de f\u00f6rstod varandra direkt. Tage tog sitt ansvar som styvpappa och har lekt, tv\u00e4ttat och hj\u00e4lpt till med att uppfostra de sm\u00e5. Den perfekta styvpappan. Nu har ungarna flyttat och k\u00e4rleken best\u00e5r. Tage och Zilla \u00e4r fortfarande lika glada f\u00f6r varandra och f\u00e5r nu tid f\u00f6r sin k\u00e4rlek. De pratar med varandra hela tiden och vill inte vara ifr\u00e5n varandra. Dessa tv\u00e5 kan inte separeras utan m\u00e5ste f\u00e5 komma till samma hem. Tage som var s\u00e5 arg och inte alls ville komma i n\u00e4rheten av oss m\u00e4nniskor fr\u00e5n b\u00f6rjan har nu n\u00e4r han m\u00e5r b\u00e4ttre visat sig vara en pratglad soffliggare som g\u00e4rna ligger p\u00e5 soffan och blir kliad under hakan. P\u00e5 bara denna korta tid har vi f\u00f6rst\u00e5tt att han n\u00e5gon g\u00e5ng har haft ett hem och levt ett bra liv. Zilla som aldrig f\u00e5tt k\u00e4nna soffans v\u00e4rme eller en smekande hand ligger g\u00e4rna i soffan med Tage n\u00e4r vi inte \u00e4r d\u00e4r. \u00c4n s\u00e5 l\u00e4nge har vi bara f\u00e5tt hennes tacksamma blickar men inte f\u00e5tt klappa henne. Hon \u00e4r med hela tiden och \u00e4r nyfiken och kommer snart att s\u00f6ka sig till oss, med hj\u00e4lp av Tage.<br>De \u00e4r vana vid stor hund och friflygande papegoja\u00a0<\/p>\n","protected":false},"excerpt":{"rendered":"<p>Uppdatering: S\u00f6ndag 25\/10 flyttade Tage och Zilla till sitt nya hem i \u00c5lstorp. Eftersom de har blivit s\u00e5 f\u00e4sta vid varandra i jourhemmet fick de flytta tillsammans. Nu \u00f6nskar vi dem all lycka och ett l\u00e5ngt och fint liv i sitt nya hem. Jourhemmet skriver: K\u00e4rleksparet Zilla 5 \u00e5r och Tage 6 \u00e5r. I jourhemmet b\u00f6rjade klockorna ringa och k\u00e4rlek uppstod. Dessa tv\u00e5 blev f\u00f6r\u00e4lskade. Tage v\u00e5r strykarkatt som kom&hellip;<\/p>\n<p><a class=\"more-link\" href=\"https:\/\/www.djurskyddet.se\/landskrona\/senaste-nytt\/tage-och-zilla\/\" title=\"Continue reading &lsquo;Tage och Zilla&rsquo;\">L&auml;s mer<span class=\"meta-nav\">&raquo;<\/span><\/a><\/p>\n","protected":false},"author":27,"featured_media":0,"comment_status":"closed","ping_status":"open","sticky":false,"template":"","format":"standard","meta":{"_acf_changed":false,"footnotes":""},"categories":[18],"tags":[],"class_list":["post-6992","post","type-post","status-publish","format-standard","hentry","category-senaste-nytt"],"acf":[],"_links":{"self":[{"href":"https:\/\/www.djurskyddet.se\/landskrona\/wp-json\/wp\/v2\/posts\/6992","targetHints":{"allow":["GET"]}}],"collection":[{"href":"https:\/\/www.djurskyddet.se\/landskrona\/wp-json\/wp\/v2\/posts"}],"about":[{"href":"https:\/\/www.djurskyddet.se\/landskrona\/wp-json\/wp\/v2\/types\/post"}],"author":[{"embeddable":true,"href":"https:\/\/www.djurskyddet.se\/landskrona\/wp-json\/wp\/v2\/users\/27"}],"replies":[{"embeddable":true,"href":"https:\/\/www.djurskyddet.se\/landskrona\/wp-json\/wp\/v2\/comments?post=6992"}],"version-history":[{"count":1,"href":"https:\/\/www.djurskyddet.se\/landskrona\/wp-json\/wp\/v2\/posts\/6992\/revisions"}],"predecessor-version":[{"id":6993,"href":"https:\/\/www.djurskyddet.se\/landskrona\/wp-json\/wp\/v2\/posts\/6992\/revisions\/6993"}],"wp:attachment":[{"href":"https:\/\/www.djurskyddet.se\/landskrona\/wp-json\/wp\/v2\/media?parent=6992"}],"wp:term":[{"taxonomy":"category","embeddable":true,"href":"https:\/\/www.djurskyddet.se\/landskrona\/wp-json\/wp\/v2\/categories?post=6992"},{"taxonomy":"post_tag","embeddable":true,"href":"https:\/\/www.djurskyddet.se\/landskrona\/wp-json\/wp\/v2\/tags?post=6992"}],"curies":[{"name":"wp","href":"https:\/\/api.w.org\/{rel}","templated":true}]}}