{"id":7162,"date":"2021-01-06T22:37:42","date_gmt":"2021-01-06T22:37:42","guid":{"rendered":"https:\/\/www.djurskyddet.se\/landskrona\/?p=7162"},"modified":"2021-01-06T22:37:43","modified_gmt":"2021-01-06T22:37:43","slug":"maja","status":"publish","type":"post","link":"https:\/\/www.djurskyddet.se\/landskrona\/senaste-nytt\/maja\/","title":{"rendered":"Maja"},"content":{"rendered":"\n<figure class=\"wp-block-image\"><img loading=\"lazy\" decoding=\"async\" width=\"549\" height=\"440\" src=\"https:\/\/www.djurskyddet.se\/landskrona\/wp-content\/uploads\/sites\/22\/2021\/01\/Maja-Misan.jpg\" alt=\"\" class=\"wp-image-7163\" srcset=\"https:\/\/www.djurskyddet.se\/landskrona\/wp-content\/uploads\/sites\/22\/2021\/01\/Maja-Misan.jpg 549w, https:\/\/www.djurskyddet.se\/landskrona\/wp-content\/uploads\/sites\/22\/2021\/01\/Maja-Misan-300x240.jpg 300w, https:\/\/www.djurskyddet.se\/landskrona\/wp-content\/uploads\/sites\/22\/2021\/01\/Maja-Misan-400x321.jpg 400w\" sizes=\"auto, (max-width: 549px) 100vw, 549px\" \/><\/figure>\n\n\n\n<p>Det\nh\u00e4r \u00e4r Maja (Misan) en 8-\u00e5rig katthona som vi tog \u00f6ver i slutet\nav oktober. Hennes matte hade blivit dement och fick flytta till\ns\u00e4rskilt boende och Maja fick inte f\u00f6lja med. Maja \u00e4r en mycket\nfin katt men hade tandsten och n\u00e5gra t\u00e4nder beh\u00f6vde opereras bort.\nHon blev ocks\u00e5 vaccinerad innan hon fick flytta till sitt nya hem p\u00e5\nlandet. Bilden \u00e4r fr\u00e5n nya hemmet. Maja har funnit sig v\u00e4l\ntillr\u00e4tta i sitt nya hem \n<\/p>\n","protected":false},"excerpt":{"rendered":"<p>Det h\u00e4r \u00e4r Maja (Misan) en 8-\u00e5rig katthona som vi tog \u00f6ver i slutet av oktober. Hennes matte hade blivit dement och fick flytta till s\u00e4rskilt boende och Maja fick inte f\u00f6lja med. Maja \u00e4r en mycket fin katt men hade tandsten och n\u00e5gra t\u00e4nder beh\u00f6vde opereras bort. Hon blev ocks\u00e5 vaccinerad innan hon fick flytta till sitt nya hem p\u00e5 landet. Bilden \u00e4r fr\u00e5n nya hemmet. Maja har funnit&hellip;<\/p>\n<p><a class=\"more-link\" href=\"https:\/\/www.djurskyddet.se\/landskrona\/senaste-nytt\/maja\/\" title=\"Continue reading &lsquo;Maja&rsquo;\">L&auml;s mer<span class=\"meta-nav\">&raquo;<\/span><\/a><\/p>\n","protected":false},"author":27,"featured_media":0,"comment_status":"closed","ping_status":"open","sticky":false,"template":"","format":"standard","meta":{"_acf_changed":false,"footnotes":""},"categories":[18],"tags":[],"class_list":["post-7162","post","type-post","status-publish","format-standard","hentry","category-senaste-nytt"],"acf":[],"_links":{"self":[{"href":"https:\/\/www.djurskyddet.se\/landskrona\/wp-json\/wp\/v2\/posts\/7162","targetHints":{"allow":["GET"]}}],"collection":[{"href":"https:\/\/www.djurskyddet.se\/landskrona\/wp-json\/wp\/v2\/posts"}],"about":[{"href":"https:\/\/www.djurskyddet.se\/landskrona\/wp-json\/wp\/v2\/types\/post"}],"author":[{"embeddable":true,"href":"https:\/\/www.djurskyddet.se\/landskrona\/wp-json\/wp\/v2\/users\/27"}],"replies":[{"embeddable":true,"href":"https:\/\/www.djurskyddet.se\/landskrona\/wp-json\/wp\/v2\/comments?post=7162"}],"version-history":[{"count":1,"href":"https:\/\/www.djurskyddet.se\/landskrona\/wp-json\/wp\/v2\/posts\/7162\/revisions"}],"predecessor-version":[{"id":7164,"href":"https:\/\/www.djurskyddet.se\/landskrona\/wp-json\/wp\/v2\/posts\/7162\/revisions\/7164"}],"wp:attachment":[{"href":"https:\/\/www.djurskyddet.se\/landskrona\/wp-json\/wp\/v2\/media?parent=7162"}],"wp:term":[{"taxonomy":"category","embeddable":true,"href":"https:\/\/www.djurskyddet.se\/landskrona\/wp-json\/wp\/v2\/categories?post=7162"},{"taxonomy":"post_tag","embeddable":true,"href":"https:\/\/www.djurskyddet.se\/landskrona\/wp-json\/wp\/v2\/tags?post=7162"}],"curies":[{"name":"wp","href":"https:\/\/api.w.org\/{rel}","templated":true}]}}