{"id":7260,"date":"2021-02-20T19:23:36","date_gmt":"2021-02-20T19:23:36","guid":{"rendered":"https:\/\/www.djurskyddet.se\/landskrona\/?p=7260"},"modified":"2021-02-20T19:23:38","modified_gmt":"2021-02-20T19:23:38","slug":"mysan-2","status":"publish","type":"post","link":"https:\/\/www.djurskyddet.se\/landskrona\/senaste-nytt\/mysan-2\/","title":{"rendered":"Mysan"},"content":{"rendered":"\n<figure class=\"wp-block-image\"><img loading=\"lazy\" decoding=\"async\" width=\"288\" height=\"387\" src=\"https:\/\/www.djurskyddet.se\/landskrona\/wp-content\/uploads\/sites\/22\/2021\/02\/Mysan.jpg\" alt=\"\" class=\"wp-image-7228\" srcset=\"https:\/\/www.djurskyddet.se\/landskrona\/wp-content\/uploads\/sites\/22\/2021\/02\/Mysan.jpg 288w, https:\/\/www.djurskyddet.se\/landskrona\/wp-content\/uploads\/sites\/22\/2021\/02\/Mysan-223x300.jpg 223w\" sizes=\"auto, (max-width: 288px) 100vw, 288px\" \/><figcaption>Mysan<\/figcaption><\/figure>\n\n\n\n<p>\nIdag\nflyttade Mysan till sitt nya hem i Klippan. Lycka till Mysan!<br><br>Det\nh\u00e4r \u00e4r Mysan som vi tagit \u00f6ver efter att hennes \u00e4gare g\u00e5tt bort.\nMysan \u00e4r en 7-\u00e5rig honkatt och \u00e4r kastrerad och chippad. Hon har\nfina t\u00e4nder och \u00e4r bara lite \u00f6verviktig men i mycket god form.\nMysan \u00e4r en innekatt och inte van vid andra katter. Hon \u00e4r social\nmen ingen kn\u00e4katt. Hon tycker om sm\u00e5 krypin att ligga och sova i\noch passar p\u00e5 att m\u00f6blera om en del f\u00f6r att hitta l\u00e4mpliga\nplatser. Nu har hon ju precis mist sin \u00e4gare och det tar\nnaturligtvis lite tid f\u00f6r henne att v\u00e4nja sig vid nytt boende.&nbsp;\n\n<\/p>\n","protected":false},"excerpt":{"rendered":"<p>Idag flyttade Mysan till sitt nya hem i Klippan. Lycka till Mysan! Det h\u00e4r \u00e4r Mysan som vi tagit \u00f6ver efter att hennes \u00e4gare g\u00e5tt bort. Mysan \u00e4r en 7-\u00e5rig honkatt och \u00e4r kastrerad och chippad. Hon har fina t\u00e4nder och \u00e4r bara lite \u00f6verviktig men i mycket god form. Mysan \u00e4r en innekatt och inte van vid andra katter. Hon \u00e4r social men ingen kn\u00e4katt. Hon tycker om sm\u00e5&hellip;<\/p>\n<p><a class=\"more-link\" href=\"https:\/\/www.djurskyddet.se\/landskrona\/senaste-nytt\/mysan-2\/\" title=\"Continue reading &lsquo;Mysan&rsquo;\">L&auml;s mer<span class=\"meta-nav\">&raquo;<\/span><\/a><\/p>\n","protected":false},"author":27,"featured_media":0,"comment_status":"closed","ping_status":"open","sticky":false,"template":"","format":"standard","meta":{"_acf_changed":false,"footnotes":""},"categories":[18],"tags":[],"class_list":["post-7260","post","type-post","status-publish","format-standard","hentry","category-senaste-nytt"],"acf":[],"_links":{"self":[{"href":"https:\/\/www.djurskyddet.se\/landskrona\/wp-json\/wp\/v2\/posts\/7260","targetHints":{"allow":["GET"]}}],"collection":[{"href":"https:\/\/www.djurskyddet.se\/landskrona\/wp-json\/wp\/v2\/posts"}],"about":[{"href":"https:\/\/www.djurskyddet.se\/landskrona\/wp-json\/wp\/v2\/types\/post"}],"author":[{"embeddable":true,"href":"https:\/\/www.djurskyddet.se\/landskrona\/wp-json\/wp\/v2\/users\/27"}],"replies":[{"embeddable":true,"href":"https:\/\/www.djurskyddet.se\/landskrona\/wp-json\/wp\/v2\/comments?post=7260"}],"version-history":[{"count":1,"href":"https:\/\/www.djurskyddet.se\/landskrona\/wp-json\/wp\/v2\/posts\/7260\/revisions"}],"predecessor-version":[{"id":7261,"href":"https:\/\/www.djurskyddet.se\/landskrona\/wp-json\/wp\/v2\/posts\/7260\/revisions\/7261"}],"wp:attachment":[{"href":"https:\/\/www.djurskyddet.se\/landskrona\/wp-json\/wp\/v2\/media?parent=7260"}],"wp:term":[{"taxonomy":"category","embeddable":true,"href":"https:\/\/www.djurskyddet.se\/landskrona\/wp-json\/wp\/v2\/categories?post=7260"},{"taxonomy":"post_tag","embeddable":true,"href":"https:\/\/www.djurskyddet.se\/landskrona\/wp-json\/wp\/v2\/tags?post=7260"}],"curies":[{"name":"wp","href":"https:\/\/api.w.org\/{rel}","templated":true}]}}