{"id":7359,"date":"2021-04-22T18:18:28","date_gmt":"2021-04-22T18:18:28","guid":{"rendered":"https:\/\/www.djurskyddet.se\/landskrona\/?p=7359"},"modified":"2021-04-22T18:18:29","modified_gmt":"2021-04-22T18:18:29","slug":"lazlo","status":"publish","type":"post","link":"https:\/\/www.djurskyddet.se\/landskrona\/senaste-nytt\/lazlo\/","title":{"rendered":"Lazlo"},"content":{"rendered":"\n<figure class=\"wp-block-image size-large\"><img loading=\"lazy\" decoding=\"async\" width=\"768\" height=\"1024\" src=\"https:\/\/www.djurskyddet.se\/landskrona\/wp-content\/uploads\/sites\/22\/2021\/04\/Lazlo.jpg\" alt=\"\" class=\"wp-image-7360\" srcset=\"https:\/\/www.djurskyddet.se\/landskrona\/wp-content\/uploads\/sites\/22\/2021\/04\/Lazlo.jpg 768w, https:\/\/www.djurskyddet.se\/landskrona\/wp-content\/uploads\/sites\/22\/2021\/04\/Lazlo-225x300.jpg 225w, https:\/\/www.djurskyddet.se\/landskrona\/wp-content\/uploads\/sites\/22\/2021\/04\/Lazlo-400x533.jpg 400w\" sizes=\"auto, (max-width: 768px) 100vw, 768px\" \/><\/figure>\n\n\n\n<p>Nu har lilla busfr\u00f6et Lazlo blivit adopterad och flyttat till sitt nya hem i Trelleborg.<br><br>Jourhemmet skriver:<\/p>\n\n\n\n<p>Lazlo f\u00f6dd ca 15 oktober inf\u00e5ngad p\u00e5 en g\u00e5rd gick snabbt fr\u00e5n skyggis till kelgris. Framf\u00f6rallt \u00e4r det soffan som faller denna lille herre i smaken. Har b\u00f6rjat komma upp i kn\u00e4et och kela men gillar inte att bli buren. Han leker lite sj\u00e4lv men helst med de andra katterna i huset. De \u00e4r lite \u00e4ldre och n\u00e4r de blir tr\u00f6tta f\u00f6rs\u00f6ker han busa med hunden ist\u00e4llet. D\u00e4rf\u00f6r s\u00f6ker vi ett hem till honom d\u00e4r det redan finns katt som vill leka och busa. Han \u00e4r en duktig katt som kl\u00f6ser p\u00e5 sin pelare och g\u00e5r p\u00e5 sin l\u00e5da. Han \u00e4r vaccinerad tv\u00e5 g\u00e5nger och chipm\u00e4rkt.<\/p>\n","protected":false},"excerpt":{"rendered":"<p>Nu har lilla busfr\u00f6et Lazlo blivit adopterad och flyttat till sitt nya hem i Trelleborg. Jourhemmet skriver: Lazlo f\u00f6dd ca 15 oktober inf\u00e5ngad p\u00e5 en g\u00e5rd gick snabbt fr\u00e5n skyggis till kelgris. Framf\u00f6rallt \u00e4r det soffan som faller denna lille herre i smaken. Har b\u00f6rjat komma upp i kn\u00e4et och kela men gillar inte att bli buren. Han leker lite sj\u00e4lv men helst med de andra katterna i huset. De&hellip;<\/p>\n<p><a class=\"more-link\" href=\"https:\/\/www.djurskyddet.se\/landskrona\/senaste-nytt\/lazlo\/\" title=\"Continue reading &lsquo;Lazlo&rsquo;\">L&auml;s mer<span class=\"meta-nav\">&raquo;<\/span><\/a><\/p>\n","protected":false},"author":27,"featured_media":0,"comment_status":"closed","ping_status":"open","sticky":false,"template":"","format":"standard","meta":{"_acf_changed":false,"footnotes":""},"categories":[18],"tags":[],"class_list":["post-7359","post","type-post","status-publish","format-standard","hentry","category-senaste-nytt"],"acf":[],"_links":{"self":[{"href":"https:\/\/www.djurskyddet.se\/landskrona\/wp-json\/wp\/v2\/posts\/7359","targetHints":{"allow":["GET"]}}],"collection":[{"href":"https:\/\/www.djurskyddet.se\/landskrona\/wp-json\/wp\/v2\/posts"}],"about":[{"href":"https:\/\/www.djurskyddet.se\/landskrona\/wp-json\/wp\/v2\/types\/post"}],"author":[{"embeddable":true,"href":"https:\/\/www.djurskyddet.se\/landskrona\/wp-json\/wp\/v2\/users\/27"}],"replies":[{"embeddable":true,"href":"https:\/\/www.djurskyddet.se\/landskrona\/wp-json\/wp\/v2\/comments?post=7359"}],"version-history":[{"count":1,"href":"https:\/\/www.djurskyddet.se\/landskrona\/wp-json\/wp\/v2\/posts\/7359\/revisions"}],"predecessor-version":[{"id":7361,"href":"https:\/\/www.djurskyddet.se\/landskrona\/wp-json\/wp\/v2\/posts\/7359\/revisions\/7361"}],"wp:attachment":[{"href":"https:\/\/www.djurskyddet.se\/landskrona\/wp-json\/wp\/v2\/media?parent=7359"}],"wp:term":[{"taxonomy":"category","embeddable":true,"href":"https:\/\/www.djurskyddet.se\/landskrona\/wp-json\/wp\/v2\/categories?post=7359"},{"taxonomy":"post_tag","embeddable":true,"href":"https:\/\/www.djurskyddet.se\/landskrona\/wp-json\/wp\/v2\/tags?post=7359"}],"curies":[{"name":"wp","href":"https:\/\/api.w.org\/{rel}","templated":true}]}}