{"id":7517,"date":"2021-06-21T16:42:33","date_gmt":"2021-06-21T16:42:33","guid":{"rendered":"https:\/\/www.djurskyddet.se\/landskrona\/?p=7517"},"modified":"2021-06-21T16:42:58","modified_gmt":"2021-06-21T16:42:58","slug":"juni-2","status":"publish","type":"post","link":"https:\/\/www.djurskyddet.se\/landskrona\/senaste-nytt\/juni-2\/","title":{"rendered":"Juni"},"content":{"rendered":"\n<figure class=\"wp-block-image size-large\"><img loading=\"lazy\" decoding=\"async\" width=\"585\" height=\"927\" src=\"https:\/\/www.djurskyddet.se\/landskrona\/wp-content\/uploads\/sites\/22\/2021\/06\/Juni2.jpg\" alt=\"\" class=\"wp-image-7518\" srcset=\"https:\/\/www.djurskyddet.se\/landskrona\/wp-content\/uploads\/sites\/22\/2021\/06\/Juni2.jpg 585w, https:\/\/www.djurskyddet.se\/landskrona\/wp-content\/uploads\/sites\/22\/2021\/06\/Juni2-189x300.jpg 189w, https:\/\/www.djurskyddet.se\/landskrona\/wp-content\/uploads\/sites\/22\/2021\/06\/Juni2-400x634.jpg 400w\" sizes=\"auto, (max-width: 585px) 100vw, 585px\" \/><\/figure>\n\n\n\n<p><\/p>\n\n\n\n<p>Nu har Juni flyttat till sitt nya hem i Vellinge d\u00e4r hon f\u00e5r en kattkompis som delar hennes intressen.<br><br>Denna lilla sk\u00f6nhet kallar vi f\u00f6r Juni. Upphittad i Nydala i Malm\u00f6. N\u00e4r upphittaren tog henne till veterin\u00e4ren i Malm\u00f6 f\u00f6r att kolla m\u00e4rkning s\u00e5 blev vi kontaktade av veterin\u00e4ren. Hon var otroligt mager n\u00e4r hon kom in och var varken m\u00e4rkt eller kastrerad. Vi har lagt ut \u00e4garefterlysning utan att ha f\u00e5tt svar. Juni \u00e4r v\u00e4ldigt tam och kontakts\u00f6kande. En nyfiken dam som kryper in \u00f6verallt s\u00e5 fort det \u00f6ppnas ett sk\u00e5p eller garderob. Redan varit inst\u00e4ngd ett antal g\u00e5nger. B\u00f6rjar \u00e4ta upp sig och var helt hemmastadd i jourhemmet fr\u00e5n f\u00f6rsta stund.<\/p>\n","protected":false},"excerpt":{"rendered":"<p>Nu har Juni flyttat till sitt nya hem i Vellinge d\u00e4r hon f\u00e5r en kattkompis som delar hennes intressen. Denna lilla sk\u00f6nhet kallar vi f\u00f6r Juni. Upphittad i Nydala i Malm\u00f6. N\u00e4r upphittaren tog henne till veterin\u00e4ren i Malm\u00f6 f\u00f6r att kolla m\u00e4rkning s\u00e5 blev vi kontaktade av veterin\u00e4ren. Hon var otroligt mager n\u00e4r hon kom in och var varken m\u00e4rkt eller kastrerad. Vi har lagt ut \u00e4garefterlysning utan att&hellip;<\/p>\n<p><a class=\"more-link\" href=\"https:\/\/www.djurskyddet.se\/landskrona\/senaste-nytt\/juni-2\/\" title=\"Continue reading &lsquo;Juni&rsquo;\">L&auml;s mer<span class=\"meta-nav\">&raquo;<\/span><\/a><\/p>\n","protected":false},"author":27,"featured_media":0,"comment_status":"closed","ping_status":"open","sticky":false,"template":"","format":"standard","meta":{"_acf_changed":false,"footnotes":""},"categories":[18],"tags":[],"class_list":["post-7517","post","type-post","status-publish","format-standard","hentry","category-senaste-nytt"],"acf":[],"_links":{"self":[{"href":"https:\/\/www.djurskyddet.se\/landskrona\/wp-json\/wp\/v2\/posts\/7517","targetHints":{"allow":["GET"]}}],"collection":[{"href":"https:\/\/www.djurskyddet.se\/landskrona\/wp-json\/wp\/v2\/posts"}],"about":[{"href":"https:\/\/www.djurskyddet.se\/landskrona\/wp-json\/wp\/v2\/types\/post"}],"author":[{"embeddable":true,"href":"https:\/\/www.djurskyddet.se\/landskrona\/wp-json\/wp\/v2\/users\/27"}],"replies":[{"embeddable":true,"href":"https:\/\/www.djurskyddet.se\/landskrona\/wp-json\/wp\/v2\/comments?post=7517"}],"version-history":[{"count":1,"href":"https:\/\/www.djurskyddet.se\/landskrona\/wp-json\/wp\/v2\/posts\/7517\/revisions"}],"predecessor-version":[{"id":7519,"href":"https:\/\/www.djurskyddet.se\/landskrona\/wp-json\/wp\/v2\/posts\/7517\/revisions\/7519"}],"wp:attachment":[{"href":"https:\/\/www.djurskyddet.se\/landskrona\/wp-json\/wp\/v2\/media?parent=7517"}],"wp:term":[{"taxonomy":"category","embeddable":true,"href":"https:\/\/www.djurskyddet.se\/landskrona\/wp-json\/wp\/v2\/categories?post=7517"},{"taxonomy":"post_tag","embeddable":true,"href":"https:\/\/www.djurskyddet.se\/landskrona\/wp-json\/wp\/v2\/tags?post=7517"}],"curies":[{"name":"wp","href":"https:\/\/api.w.org\/{rel}","templated":true}]}}