{"id":7572,"date":"2021-07-07T18:53:00","date_gmt":"2021-07-07T18:53:00","guid":{"rendered":"https:\/\/www.djurskyddet.se\/landskrona\/?p=7572"},"modified":"2021-07-19T18:54:41","modified_gmt":"2021-07-19T18:54:41","slug":"sotis-2","status":"publish","type":"post","link":"https:\/\/www.djurskyddet.se\/landskrona\/senaste-nytt\/sotis-2\/","title":{"rendered":"Sotis"},"content":{"rendered":"\n<figure class=\"wp-block-image size-large\"><img loading=\"lazy\" decoding=\"async\" width=\"571\" height=\"960\" src=\"https:\/\/www.djurskyddet.se\/landskrona\/wp-content\/uploads\/sites\/22\/2021\/05\/Sotis.jpg\" alt=\"\" class=\"wp-image-7400\" srcset=\"https:\/\/www.djurskyddet.se\/landskrona\/wp-content\/uploads\/sites\/22\/2021\/05\/Sotis.jpg 571w, https:\/\/www.djurskyddet.se\/landskrona\/wp-content\/uploads\/sites\/22\/2021\/05\/Sotis-178x300.jpg 178w, https:\/\/www.djurskyddet.se\/landskrona\/wp-content\/uploads\/sites\/22\/2021\/05\/Sotis-400x673.jpg 400w\" sizes=\"auto, (max-width: 571px) 100vw, 571px\" \/><\/figure>\n\n\n\n<p>7 juli flyttade Sotis till sitt nya hem i Helsingborg. Lycka till fina killen!<br><br>Stiliga Sotis \u00e4r nu redo f\u00f6r adoption. Han f\u00e5ngades in i Hofterup i mitten av januari, livr\u00e4dd och inte van vid att vara inne. Det gick inte att r\u00f6ra honom i b\u00f6rjan. Men med mycket tid, t\u00e5lamod och k\u00e4rlek har han gjort fantastiska framsteg i sin socialisering. Sotis g\u00e5r bra ihop med de andra katterna i jourhemmet och beh\u00f6ver en kattkompis i sitt nya hem, men g\u00e5r inte ihop med hunden i jourhemmet. Han beh\u00f6ver stimulans med utevistelse f\u00f6r att m\u00e5 bra. Han \u00e4r vaccinerad 2 g\u00e5nger, chippad och kastrerad.<\/p>\n","protected":false},"excerpt":{"rendered":"<p>7 juli flyttade Sotis till sitt nya hem i Helsingborg. Lycka till fina killen! Stiliga Sotis \u00e4r nu redo f\u00f6r adoption. Han f\u00e5ngades in i Hofterup i mitten av januari, livr\u00e4dd och inte van vid att vara inne. Det gick inte att r\u00f6ra honom i b\u00f6rjan. Men med mycket tid, t\u00e5lamod och k\u00e4rlek har han gjort fantastiska framsteg i sin socialisering. Sotis g\u00e5r bra ihop med de andra katterna i&hellip;<\/p>\n<p><a class=\"more-link\" href=\"https:\/\/www.djurskyddet.se\/landskrona\/senaste-nytt\/sotis-2\/\" title=\"Continue reading &lsquo;Sotis&rsquo;\">L&auml;s mer<span class=\"meta-nav\">&raquo;<\/span><\/a><\/p>\n","protected":false},"author":27,"featured_media":0,"comment_status":"closed","ping_status":"open","sticky":false,"template":"","format":"standard","meta":{"_acf_changed":false,"footnotes":""},"categories":[18],"tags":[],"class_list":["post-7572","post","type-post","status-publish","format-standard","hentry","category-senaste-nytt"],"acf":[],"_links":{"self":[{"href":"https:\/\/www.djurskyddet.se\/landskrona\/wp-json\/wp\/v2\/posts\/7572","targetHints":{"allow":["GET"]}}],"collection":[{"href":"https:\/\/www.djurskyddet.se\/landskrona\/wp-json\/wp\/v2\/posts"}],"about":[{"href":"https:\/\/www.djurskyddet.se\/landskrona\/wp-json\/wp\/v2\/types\/post"}],"author":[{"embeddable":true,"href":"https:\/\/www.djurskyddet.se\/landskrona\/wp-json\/wp\/v2\/users\/27"}],"replies":[{"embeddable":true,"href":"https:\/\/www.djurskyddet.se\/landskrona\/wp-json\/wp\/v2\/comments?post=7572"}],"version-history":[{"count":1,"href":"https:\/\/www.djurskyddet.se\/landskrona\/wp-json\/wp\/v2\/posts\/7572\/revisions"}],"predecessor-version":[{"id":7573,"href":"https:\/\/www.djurskyddet.se\/landskrona\/wp-json\/wp\/v2\/posts\/7572\/revisions\/7573"}],"wp:attachment":[{"href":"https:\/\/www.djurskyddet.se\/landskrona\/wp-json\/wp\/v2\/media?parent=7572"}],"wp:term":[{"taxonomy":"category","embeddable":true,"href":"https:\/\/www.djurskyddet.se\/landskrona\/wp-json\/wp\/v2\/categories?post=7572"},{"taxonomy":"post_tag","embeddable":true,"href":"https:\/\/www.djurskyddet.se\/landskrona\/wp-json\/wp\/v2\/tags?post=7572"}],"curies":[{"name":"wp","href":"https:\/\/api.w.org\/{rel}","templated":true}]}}