{"id":7576,"date":"2021-07-06T19:03:00","date_gmt":"2021-07-06T19:03:00","guid":{"rendered":"https:\/\/www.djurskyddet.se\/landskrona\/?p=7576"},"modified":"2021-07-19T19:10:32","modified_gmt":"2021-07-19T19:10:32","slug":"marion-3","status":"publish","type":"post","link":"https:\/\/www.djurskyddet.se\/landskrona\/senaste-nytt\/marion-3\/","title":{"rendered":"Marion"},"content":{"rendered":"\n<figure class=\"wp-block-image size-large\"><img loading=\"lazy\" decoding=\"async\" width=\"720\" height=\"960\" src=\"https:\/\/www.djurskyddet.se\/landskrona\/wp-content\/uploads\/sites\/22\/2021\/05\/Marion3.jpg\" alt=\"\" class=\"wp-image-7373\" srcset=\"https:\/\/www.djurskyddet.se\/landskrona\/wp-content\/uploads\/sites\/22\/2021\/05\/Marion3.jpg 720w, https:\/\/www.djurskyddet.se\/landskrona\/wp-content\/uploads\/sites\/22\/2021\/05\/Marion3-225x300.jpg 225w, https:\/\/www.djurskyddet.se\/landskrona\/wp-content\/uploads\/sites\/22\/2021\/05\/Marion3-400x533.jpg 400w\" sizes=\"auto, (max-width: 720px) 100vw, 720px\" \/><\/figure>\n\n\n\n<p>6 juli flyttade fina Marion till sitt nya hem. Vi \u00f6nskar henne lycka till i nya hemmet!<\/p>\n\n\n\n<p>Marion kom tillbaka till oss den 5\/4 d\u00e5 det inte fungerade hos adopt\u00f6ren. Hon \u00e4r en speciell liten tjej som inte \u00e4r n\u00e5gon kn\u00e4katt och tar v\u00e4ldigt l\u00e5ng tid p\u00e5 sig f\u00f6r att k\u00e4nna sig trygg och bekv\u00e4m. Hon har nu landat lugnt och fint i jourhemmet och vi s\u00f6ker d\u00e4rf\u00f6r efter hennes egna hem och d\u00e5 g\u00e4rna med en kompis. Det b\u00f6r ska inte finnas sm\u00e5 barn i hemmet men det g\u00e5r bra om barnen \u00e4r mer \u00e4n 10 \u00e5r gamla.<\/p>\n","protected":false},"excerpt":{"rendered":"<p>6 juli flyttade fina Marion till sitt nya hem. Vi \u00f6nskar henne lycka till i nya hemmet! Marion kom tillbaka till oss den 5\/4 d\u00e5 det inte fungerade hos adopt\u00f6ren. Hon \u00e4r en speciell liten tjej som inte \u00e4r n\u00e5gon kn\u00e4katt och tar v\u00e4ldigt l\u00e5ng tid p\u00e5 sig f\u00f6r att k\u00e4nna sig trygg och bekv\u00e4m. Hon har nu landat lugnt och fint i jourhemmet och vi s\u00f6ker d\u00e4rf\u00f6r efter hennes&hellip;<\/p>\n<p><a class=\"more-link\" href=\"https:\/\/www.djurskyddet.se\/landskrona\/senaste-nytt\/marion-3\/\" title=\"Continue reading &lsquo;Marion&rsquo;\">L&auml;s mer<span class=\"meta-nav\">&raquo;<\/span><\/a><\/p>\n","protected":false},"author":27,"featured_media":0,"comment_status":"closed","ping_status":"open","sticky":false,"template":"","format":"standard","meta":{"_acf_changed":false,"footnotes":""},"categories":[18],"tags":[],"class_list":["post-7576","post","type-post","status-publish","format-standard","hentry","category-senaste-nytt"],"acf":[],"_links":{"self":[{"href":"https:\/\/www.djurskyddet.se\/landskrona\/wp-json\/wp\/v2\/posts\/7576","targetHints":{"allow":["GET"]}}],"collection":[{"href":"https:\/\/www.djurskyddet.se\/landskrona\/wp-json\/wp\/v2\/posts"}],"about":[{"href":"https:\/\/www.djurskyddet.se\/landskrona\/wp-json\/wp\/v2\/types\/post"}],"author":[{"embeddable":true,"href":"https:\/\/www.djurskyddet.se\/landskrona\/wp-json\/wp\/v2\/users\/27"}],"replies":[{"embeddable":true,"href":"https:\/\/www.djurskyddet.se\/landskrona\/wp-json\/wp\/v2\/comments?post=7576"}],"version-history":[{"count":1,"href":"https:\/\/www.djurskyddet.se\/landskrona\/wp-json\/wp\/v2\/posts\/7576\/revisions"}],"predecessor-version":[{"id":7577,"href":"https:\/\/www.djurskyddet.se\/landskrona\/wp-json\/wp\/v2\/posts\/7576\/revisions\/7577"}],"wp:attachment":[{"href":"https:\/\/www.djurskyddet.se\/landskrona\/wp-json\/wp\/v2\/media?parent=7576"}],"wp:term":[{"taxonomy":"category","embeddable":true,"href":"https:\/\/www.djurskyddet.se\/landskrona\/wp-json\/wp\/v2\/categories?post=7576"},{"taxonomy":"post_tag","embeddable":true,"href":"https:\/\/www.djurskyddet.se\/landskrona\/wp-json\/wp\/v2\/tags?post=7576"}],"curies":[{"name":"wp","href":"https:\/\/api.w.org\/{rel}","templated":true}]}}