{"id":7645,"date":"2021-08-09T18:36:00","date_gmt":"2021-08-09T18:36:00","guid":{"rendered":"https:\/\/www.djurskyddet.se\/landskrona\/?p=7645"},"modified":"2021-08-19T18:38:32","modified_gmt":"2021-08-19T18:38:32","slug":"lilja-2","status":"publish","type":"post","link":"https:\/\/www.djurskyddet.se\/landskrona\/senaste-nytt\/lilja-2\/","title":{"rendered":"Lilja"},"content":{"rendered":"\n<figure class=\"wp-block-image size-large\"><img loading=\"lazy\" decoding=\"async\" width=\"720\" height=\"960\" src=\"https:\/\/www.djurskyddet.se\/landskrona\/wp-content\/uploads\/sites\/22\/2021\/07\/Lilja.jpg\" alt=\"\" class=\"wp-image-7537\" srcset=\"https:\/\/www.djurskyddet.se\/landskrona\/wp-content\/uploads\/sites\/22\/2021\/07\/Lilja.jpg 720w, https:\/\/www.djurskyddet.se\/landskrona\/wp-content\/uploads\/sites\/22\/2021\/07\/Lilja-225x300.jpg 225w, https:\/\/www.djurskyddet.se\/landskrona\/wp-content\/uploads\/sites\/22\/2021\/07\/Lilja-400x533.jpg 400w\" sizes=\"auto, (max-width: 720px) 100vw, 720px\" \/><\/figure>\n\n\n\n<p>Ikv\u00e4ll, 9\/8, flyttade lilla Lilja till sitt nya hem i Landskrona, lycka till med din nya familj lilla hj\u00e4rtat!<\/p>\n\n\n\n<p>Lilja \u00e4r klar f\u00f6r adoption. I jourhemmet har hon och Lotus blivit mycket f\u00e4sta vid varandra s\u00e5 de vill helst flytta tillsammans. Detta \u00e4r Lilja som togs in 20 maj fr\u00e5n samma st\u00e4lle som Scilla, Dahlia, Basilika och Tistel. Alla katterna var v\u00e4ldigt undern\u00e4rda och hade ohyra. Lilja \u00e4r en s\u00f6t liten tjej som nyfiket provar sig fram.<\/p>\n","protected":false},"excerpt":{"rendered":"<p>Ikv\u00e4ll, 9\/8, flyttade lilla Lilja till sitt nya hem i Landskrona, lycka till med din nya familj lilla hj\u00e4rtat! Lilja \u00e4r klar f\u00f6r adoption. I jourhemmet har hon och Lotus blivit mycket f\u00e4sta vid varandra s\u00e5 de vill helst flytta tillsammans. Detta \u00e4r Lilja som togs in 20 maj fr\u00e5n samma st\u00e4lle som Scilla, Dahlia, Basilika och Tistel. Alla katterna var v\u00e4ldigt undern\u00e4rda och hade ohyra. Lilja \u00e4r en s\u00f6t&hellip;<\/p>\n<p><a class=\"more-link\" href=\"https:\/\/www.djurskyddet.se\/landskrona\/senaste-nytt\/lilja-2\/\" title=\"Continue reading &lsquo;Lilja&rsquo;\">L&auml;s mer<span class=\"meta-nav\">&raquo;<\/span><\/a><\/p>\n","protected":false},"author":27,"featured_media":0,"comment_status":"closed","ping_status":"open","sticky":false,"template":"","format":"standard","meta":{"_acf_changed":false,"footnotes":""},"categories":[18],"tags":[],"class_list":["post-7645","post","type-post","status-publish","format-standard","hentry","category-senaste-nytt"],"acf":[],"_links":{"self":[{"href":"https:\/\/www.djurskyddet.se\/landskrona\/wp-json\/wp\/v2\/posts\/7645","targetHints":{"allow":["GET"]}}],"collection":[{"href":"https:\/\/www.djurskyddet.se\/landskrona\/wp-json\/wp\/v2\/posts"}],"about":[{"href":"https:\/\/www.djurskyddet.se\/landskrona\/wp-json\/wp\/v2\/types\/post"}],"author":[{"embeddable":true,"href":"https:\/\/www.djurskyddet.se\/landskrona\/wp-json\/wp\/v2\/users\/27"}],"replies":[{"embeddable":true,"href":"https:\/\/www.djurskyddet.se\/landskrona\/wp-json\/wp\/v2\/comments?post=7645"}],"version-history":[{"count":1,"href":"https:\/\/www.djurskyddet.se\/landskrona\/wp-json\/wp\/v2\/posts\/7645\/revisions"}],"predecessor-version":[{"id":7646,"href":"https:\/\/www.djurskyddet.se\/landskrona\/wp-json\/wp\/v2\/posts\/7645\/revisions\/7646"}],"wp:attachment":[{"href":"https:\/\/www.djurskyddet.se\/landskrona\/wp-json\/wp\/v2\/media?parent=7645"}],"wp:term":[{"taxonomy":"category","embeddable":true,"href":"https:\/\/www.djurskyddet.se\/landskrona\/wp-json\/wp\/v2\/categories?post=7645"},{"taxonomy":"post_tag","embeddable":true,"href":"https:\/\/www.djurskyddet.se\/landskrona\/wp-json\/wp\/v2\/tags?post=7645"}],"curies":[{"name":"wp","href":"https:\/\/api.w.org\/{rel}","templated":true}]}}