{"id":7688,"date":"2021-08-22T19:06:00","date_gmt":"2021-08-22T19:06:00","guid":{"rendered":"https:\/\/www.djurskyddet.se\/landskrona\/?p=7688"},"modified":"2021-08-29T19:08:49","modified_gmt":"2021-08-29T19:08:49","slug":"nala-2","status":"publish","type":"post","link":"https:\/\/www.djurskyddet.se\/landskrona\/senaste-nytt\/nala-2\/","title":{"rendered":"Nala"},"content":{"rendered":"\n<figure class=\"wp-block-image size-large\"><img loading=\"lazy\" decoding=\"async\" width=\"459\" height=\"1024\" src=\"https:\/\/www.djurskyddet.se\/landskrona\/wp-content\/uploads\/sites\/22\/2021\/08\/Nala.jpg\" alt=\"\" class=\"wp-image-7634\" srcset=\"https:\/\/www.djurskyddet.se\/landskrona\/wp-content\/uploads\/sites\/22\/2021\/08\/Nala.jpg 459w, https:\/\/www.djurskyddet.se\/landskrona\/wp-content\/uploads\/sites\/22\/2021\/08\/Nala-134x300.jpg 134w, https:\/\/www.djurskyddet.se\/landskrona\/wp-content\/uploads\/sites\/22\/2021\/08\/Nala-400x892.jpg 400w\" sizes=\"auto, (max-width: 459px) 100vw, 459px\" \/><\/figure>\n\n\n\n<p>Idag 22\/8 har Nala flyttat till sitt egna hem. Lycka till fina Nala och adopt\u00f6rer!<\/p>\n\n\n\n<p>Nala hittades i Pil\u00e4ngen, Landskrona 16\/5 och vi har efterlyst \u00e4garen utan resultat. Hon \u00e4r en lite \u00e4ldre katt, mellan 7-10 \u00e5r. Vi har vaccinerat henne 2 g\u00e5nger, avmaskat, kastrerat, chippat och registrerat henne. Nala har haft problem med \u00f6ronen och har f\u00e5tt behandling f\u00f6r detta i jourhemmet.<\/p>\n\n\n\n<p>Hon \u00e4r en riktig mysig och lugn tjej som trivs b\u00e4st att ligga i soffan vid sidan om dig. Det \u00e4r inget problem att klippa klorna eller att sk\u00f6ta hennes p\u00e4ls, vilket beh\u00f6vs eftersom hon \u00e4r semil\u00e5ngh\u00e5rig.<\/p>\n\n\n\n<p>Nala verkar vilja vara ensamkatt och inte bo ihop med andra djur vilket hon visat tydligt i jourhemmet.<\/p>\n","protected":false},"excerpt":{"rendered":"<p>Idag 22\/8 har Nala flyttat till sitt egna hem. Lycka till fina Nala och adopt\u00f6rer! Nala hittades i Pil\u00e4ngen, Landskrona 16\/5 och vi har efterlyst \u00e4garen utan resultat. Hon \u00e4r en lite \u00e4ldre katt, mellan 7-10 \u00e5r. Vi har vaccinerat henne 2 g\u00e5nger, avmaskat, kastrerat, chippat och registrerat henne. Nala har haft problem med \u00f6ronen och har f\u00e5tt behandling f\u00f6r detta i jourhemmet. Hon \u00e4r en riktig mysig och lugn&hellip;<\/p>\n<p><a class=\"more-link\" href=\"https:\/\/www.djurskyddet.se\/landskrona\/senaste-nytt\/nala-2\/\" title=\"Continue reading &lsquo;Nala&rsquo;\">L&auml;s mer<span class=\"meta-nav\">&raquo;<\/span><\/a><\/p>\n","protected":false},"author":27,"featured_media":0,"comment_status":"closed","ping_status":"open","sticky":false,"template":"","format":"standard","meta":{"_acf_changed":false,"footnotes":""},"categories":[18],"tags":[],"class_list":["post-7688","post","type-post","status-publish","format-standard","hentry","category-senaste-nytt"],"acf":[],"_links":{"self":[{"href":"https:\/\/www.djurskyddet.se\/landskrona\/wp-json\/wp\/v2\/posts\/7688","targetHints":{"allow":["GET"]}}],"collection":[{"href":"https:\/\/www.djurskyddet.se\/landskrona\/wp-json\/wp\/v2\/posts"}],"about":[{"href":"https:\/\/www.djurskyddet.se\/landskrona\/wp-json\/wp\/v2\/types\/post"}],"author":[{"embeddable":true,"href":"https:\/\/www.djurskyddet.se\/landskrona\/wp-json\/wp\/v2\/users\/27"}],"replies":[{"embeddable":true,"href":"https:\/\/www.djurskyddet.se\/landskrona\/wp-json\/wp\/v2\/comments?post=7688"}],"version-history":[{"count":1,"href":"https:\/\/www.djurskyddet.se\/landskrona\/wp-json\/wp\/v2\/posts\/7688\/revisions"}],"predecessor-version":[{"id":7689,"href":"https:\/\/www.djurskyddet.se\/landskrona\/wp-json\/wp\/v2\/posts\/7688\/revisions\/7689"}],"wp:attachment":[{"href":"https:\/\/www.djurskyddet.se\/landskrona\/wp-json\/wp\/v2\/media?parent=7688"}],"wp:term":[{"taxonomy":"category","embeddable":true,"href":"https:\/\/www.djurskyddet.se\/landskrona\/wp-json\/wp\/v2\/categories?post=7688"},{"taxonomy":"post_tag","embeddable":true,"href":"https:\/\/www.djurskyddet.se\/landskrona\/wp-json\/wp\/v2\/tags?post=7688"}],"curies":[{"name":"wp","href":"https:\/\/api.w.org\/{rel}","templated":true}]}}