{"id":7699,"date":"2021-08-19T19:17:00","date_gmt":"2021-08-19T19:17:00","guid":{"rendered":"https:\/\/www.djurskyddet.se\/landskrona\/?p=7699"},"modified":"2021-08-29T19:19:21","modified_gmt":"2021-08-29T19:19:21","slug":"axel-2","status":"publish","type":"post","link":"https:\/\/www.djurskyddet.se\/landskrona\/senaste-nytt\/axel-2\/","title":{"rendered":"Axel"},"content":{"rendered":"\n<figure class=\"wp-block-image size-large\"><img loading=\"lazy\" decoding=\"async\" width=\"596\" height=\"852\" src=\"https:\/\/www.djurskyddet.se\/landskrona\/wp-content\/uploads\/sites\/22\/2021\/08\/Axel.jpg\" alt=\"\" class=\"wp-image-7600\" srcset=\"https:\/\/www.djurskyddet.se\/landskrona\/wp-content\/uploads\/sites\/22\/2021\/08\/Axel.jpg 596w, https:\/\/www.djurskyddet.se\/landskrona\/wp-content\/uploads\/sites\/22\/2021\/08\/Axel-210x300.jpg 210w, https:\/\/www.djurskyddet.se\/landskrona\/wp-content\/uploads\/sites\/22\/2021\/08\/Axel-400x572.jpg 400w\" sizes=\"auto, (max-width: 596px) 100vw, 596px\" \/><\/figure>\n\n\n\n<p>Ig\u00e5r 19\/8, flyttade lilla Axel till sitt nya hem i Landskrona. Lycka till lilla Axel!<\/p>\n\n\n\n<p>Axel \u00e4r tingad. Axel finns i jourhem i Malm\u00f6.<\/p>\n\n\n\n<p>Axel detta lilla busfr\u00f6 som kom in med skadad tass har idag varit hos veterin\u00e4ren. Det l\u00e4ker s\u00e5 bra att de knappt kunde se n\u00e5gon skillnad p\u00e5 den som varit skadad och den som \u00e4r frisk. Nu har han f\u00e5tt sin f\u00f6rsta vaccinering och \u00e4r redo att flytta till nytt hem om 4 veckor, n\u00e4r han \u00e4r 12 veckor gammal. D\u00e5 \u00e4r han vaccinerad 2 g\u00e5nger och chipm\u00e4rkt<\/p>\n","protected":false},"excerpt":{"rendered":"<p>Ig\u00e5r 19\/8, flyttade lilla Axel till sitt nya hem i Landskrona. Lycka till lilla Axel! Axel \u00e4r tingad. Axel finns i jourhem i Malm\u00f6. Axel detta lilla busfr\u00f6 som kom in med skadad tass har idag varit hos veterin\u00e4ren. Det l\u00e4ker s\u00e5 bra att de knappt kunde se n\u00e5gon skillnad p\u00e5 den som varit skadad och den som \u00e4r frisk. Nu har han f\u00e5tt sin f\u00f6rsta vaccinering och \u00e4r redo&hellip;<\/p>\n<p><a class=\"more-link\" href=\"https:\/\/www.djurskyddet.se\/landskrona\/senaste-nytt\/axel-2\/\" title=\"Continue reading &lsquo;Axel&rsquo;\">L&auml;s mer<span class=\"meta-nav\">&raquo;<\/span><\/a><\/p>\n","protected":false},"author":27,"featured_media":0,"comment_status":"closed","ping_status":"open","sticky":false,"template":"","format":"standard","meta":{"_acf_changed":false,"footnotes":""},"categories":[18],"tags":[],"class_list":["post-7699","post","type-post","status-publish","format-standard","hentry","category-senaste-nytt"],"acf":[],"_links":{"self":[{"href":"https:\/\/www.djurskyddet.se\/landskrona\/wp-json\/wp\/v2\/posts\/7699","targetHints":{"allow":["GET"]}}],"collection":[{"href":"https:\/\/www.djurskyddet.se\/landskrona\/wp-json\/wp\/v2\/posts"}],"about":[{"href":"https:\/\/www.djurskyddet.se\/landskrona\/wp-json\/wp\/v2\/types\/post"}],"author":[{"embeddable":true,"href":"https:\/\/www.djurskyddet.se\/landskrona\/wp-json\/wp\/v2\/users\/27"}],"replies":[{"embeddable":true,"href":"https:\/\/www.djurskyddet.se\/landskrona\/wp-json\/wp\/v2\/comments?post=7699"}],"version-history":[{"count":1,"href":"https:\/\/www.djurskyddet.se\/landskrona\/wp-json\/wp\/v2\/posts\/7699\/revisions"}],"predecessor-version":[{"id":7700,"href":"https:\/\/www.djurskyddet.se\/landskrona\/wp-json\/wp\/v2\/posts\/7699\/revisions\/7700"}],"wp:attachment":[{"href":"https:\/\/www.djurskyddet.se\/landskrona\/wp-json\/wp\/v2\/media?parent=7699"}],"wp:term":[{"taxonomy":"category","embeddable":true,"href":"https:\/\/www.djurskyddet.se\/landskrona\/wp-json\/wp\/v2\/categories?post=7699"},{"taxonomy":"post_tag","embeddable":true,"href":"https:\/\/www.djurskyddet.se\/landskrona\/wp-json\/wp\/v2\/tags?post=7699"}],"curies":[{"name":"wp","href":"https:\/\/api.w.org\/{rel}","templated":true}]}}