{"id":7711,"date":"2021-09-05T17:07:00","date_gmt":"2021-09-05T17:07:00","guid":{"rendered":"https:\/\/www.djurskyddet.se\/landskrona\/?p=7711"},"modified":"2021-09-19T17:10:59","modified_gmt":"2021-09-19T17:10:59","slug":"lukas-2","status":"publish","type":"post","link":"https:\/\/www.djurskyddet.se\/landskrona\/senaste-nytt\/lukas-2\/","title":{"rendered":"Lukas"},"content":{"rendered":"\n<figure class=\"wp-block-image size-large\"><img loading=\"lazy\" decoding=\"async\" width=\"960\" height=\"589\" src=\"https:\/\/www.djurskyddet.se\/landskrona\/wp-content\/uploads\/sites\/22\/2021\/09\/Lukas2.jpg\" alt=\"\" class=\"wp-image-7712\" srcset=\"https:\/\/www.djurskyddet.se\/landskrona\/wp-content\/uploads\/sites\/22\/2021\/09\/Lukas2.jpg 960w, https:\/\/www.djurskyddet.se\/landskrona\/wp-content\/uploads\/sites\/22\/2021\/09\/Lukas2-300x184.jpg 300w, https:\/\/www.djurskyddet.se\/landskrona\/wp-content\/uploads\/sites\/22\/2021\/09\/Lukas2-768x471.jpg 768w, https:\/\/www.djurskyddet.se\/landskrona\/wp-content\/uploads\/sites\/22\/2021\/09\/Lukas2-400x245.jpg 400w\" sizes=\"auto, (max-width: 960px) 100vw, 960px\" \/><\/figure>\n\n\n\n<p>Nu har Lukas flyttat till sitt nya hem i Esl\u00f6v vid Trollen\u00e4s. Lycka till lille Lukas!<\/p>\n\n\n\n<p>Lukas finns i jourhem i H\u00f6llviken.<\/p>\n\n\n\n<p>Lukas \u00e4r \u00e4r nu 18 veckor och redo f\u00f6r adoption. Du ska inte tro att du kan jobba hemifr\u00e5n om inte jag f\u00e5r vara med! Tycker Lukas. Kudden vid datorn \u00e4r favoriten. Lukas har tagit \u00f6ver i jourhemmet. Uppt\u00e4cker nya saker varje dag, garderober och sk\u00e5p ocks\u00e5. Blir han inst\u00e4ngd ber\u00e4ttar han det h\u00f6gt och tydligt. Vill vara med hela tiden och kan till och med mysa en stund n\u00e4r han blir tr\u00f6tt. Mycket ON och lite OFF p\u00e5 denna unge herre. Lukas kan tidigast flytta till nytt hem i mitten av augusti.<\/p>\n","protected":false},"excerpt":{"rendered":"<p>Nu har Lukas flyttat till sitt nya hem i Esl\u00f6v vid Trollen\u00e4s. Lycka till lille Lukas! Lukas finns i jourhem i H\u00f6llviken. Lukas \u00e4r \u00e4r nu 18 veckor och redo f\u00f6r adoption. Du ska inte tro att du kan jobba hemifr\u00e5n om inte jag f\u00e5r vara med! Tycker Lukas. Kudden vid datorn \u00e4r favoriten. Lukas har tagit \u00f6ver i jourhemmet. Uppt\u00e4cker nya saker varje dag, garderober och sk\u00e5p ocks\u00e5. Blir&hellip;<\/p>\n<p><a class=\"more-link\" href=\"https:\/\/www.djurskyddet.se\/landskrona\/senaste-nytt\/lukas-2\/\" title=\"Continue reading &lsquo;Lukas&rsquo;\">L&auml;s mer<span class=\"meta-nav\">&raquo;<\/span><\/a><\/p>\n","protected":false},"author":27,"featured_media":0,"comment_status":"closed","ping_status":"open","sticky":false,"template":"","format":"standard","meta":{"_acf_changed":false,"footnotes":""},"categories":[18],"tags":[],"class_list":["post-7711","post","type-post","status-publish","format-standard","hentry","category-senaste-nytt"],"acf":[],"_links":{"self":[{"href":"https:\/\/www.djurskyddet.se\/landskrona\/wp-json\/wp\/v2\/posts\/7711","targetHints":{"allow":["GET"]}}],"collection":[{"href":"https:\/\/www.djurskyddet.se\/landskrona\/wp-json\/wp\/v2\/posts"}],"about":[{"href":"https:\/\/www.djurskyddet.se\/landskrona\/wp-json\/wp\/v2\/types\/post"}],"author":[{"embeddable":true,"href":"https:\/\/www.djurskyddet.se\/landskrona\/wp-json\/wp\/v2\/users\/27"}],"replies":[{"embeddable":true,"href":"https:\/\/www.djurskyddet.se\/landskrona\/wp-json\/wp\/v2\/comments?post=7711"}],"version-history":[{"count":1,"href":"https:\/\/www.djurskyddet.se\/landskrona\/wp-json\/wp\/v2\/posts\/7711\/revisions"}],"predecessor-version":[{"id":7713,"href":"https:\/\/www.djurskyddet.se\/landskrona\/wp-json\/wp\/v2\/posts\/7711\/revisions\/7713"}],"wp:attachment":[{"href":"https:\/\/www.djurskyddet.se\/landskrona\/wp-json\/wp\/v2\/media?parent=7711"}],"wp:term":[{"taxonomy":"category","embeddable":true,"href":"https:\/\/www.djurskyddet.se\/landskrona\/wp-json\/wp\/v2\/categories?post=7711"},{"taxonomy":"post_tag","embeddable":true,"href":"https:\/\/www.djurskyddet.se\/landskrona\/wp-json\/wp\/v2\/tags?post=7711"}],"curies":[{"name":"wp","href":"https:\/\/api.w.org\/{rel}","templated":true}]}}