{"id":7718,"date":"2021-09-12T17:16:00","date_gmt":"2021-09-12T17:16:00","guid":{"rendered":"https:\/\/www.djurskyddet.se\/landskrona\/?p=7718"},"modified":"2021-09-19T17:24:26","modified_gmt":"2021-09-19T17:24:26","slug":"elsa-3","status":"publish","type":"post","link":"https:\/\/www.djurskyddet.se\/landskrona\/senaste-nytt\/elsa-3\/","title":{"rendered":"Elsa"},"content":{"rendered":"\n<figure class=\"wp-block-image size-large\"><img loading=\"lazy\" decoding=\"async\" width=\"600\" height=\"800\" src=\"https:\/\/www.djurskyddet.se\/landskrona\/wp-content\/uploads\/sites\/22\/2021\/08\/Elsa2.jpg\" alt=\"\" class=\"wp-image-7608\" srcset=\"https:\/\/www.djurskyddet.se\/landskrona\/wp-content\/uploads\/sites\/22\/2021\/08\/Elsa2.jpg 600w, https:\/\/www.djurskyddet.se\/landskrona\/wp-content\/uploads\/sites\/22\/2021\/08\/Elsa2-225x300.jpg 225w, https:\/\/www.djurskyddet.se\/landskrona\/wp-content\/uploads\/sites\/22\/2021\/08\/Elsa2-400x533.jpg 400w\" sizes=\"auto, (max-width: 600px) 100vw, 600px\" \/><\/figure>\n\n\n\n<p>Idag, 12\/9, fick \u00e4ven lilla fina Elsa flytta till sitt nya hem i Malm\u00f6.<\/p>\n\n\n\n<p>Elsa finns i jourhem i Landskrona tillsammans med sin bror Batman.<\/p>\n\n\n\n<p>Elsa \u00e4r en liten s\u00f6t kattflicka f\u00f6dd 20\/4. Hon \u00e4r full av fart och fl\u00e4kt men med ett stabilt lugn. Det \u00e4r nog inte mycket som rubbar denna lilla tjejen. Inte ens veterin\u00e4rbes\u00f6ket, n\u00e4r hon fick sin f\u00f6rsta vaccinering, var n\u00e5got att bry sig om. Lugnt och stilla lade hon sig att sova i buren i v\u00e4ntan p\u00e5 sin tur. Hon kan tidigast flytta 11 augusti.<\/p>\n","protected":false},"excerpt":{"rendered":"<p>Idag, 12\/9, fick \u00e4ven lilla fina Elsa flytta till sitt nya hem i Malm\u00f6. Elsa finns i jourhem i Landskrona tillsammans med sin bror Batman. Elsa \u00e4r en liten s\u00f6t kattflicka f\u00f6dd 20\/4. Hon \u00e4r full av fart och fl\u00e4kt men med ett stabilt lugn. Det \u00e4r nog inte mycket som rubbar denna lilla tjejen. Inte ens veterin\u00e4rbes\u00f6ket, n\u00e4r hon fick sin f\u00f6rsta vaccinering, var n\u00e5got att bry sig om.&hellip;<\/p>\n<p><a class=\"more-link\" href=\"https:\/\/www.djurskyddet.se\/landskrona\/senaste-nytt\/elsa-3\/\" title=\"Continue reading &lsquo;Elsa&rsquo;\">L&auml;s mer<span class=\"meta-nav\">&raquo;<\/span><\/a><\/p>\n","protected":false},"author":27,"featured_media":0,"comment_status":"closed","ping_status":"open","sticky":false,"template":"","format":"standard","meta":{"_acf_changed":false,"footnotes":""},"categories":[18],"tags":[],"class_list":["post-7718","post","type-post","status-publish","format-standard","hentry","category-senaste-nytt"],"acf":[],"_links":{"self":[{"href":"https:\/\/www.djurskyddet.se\/landskrona\/wp-json\/wp\/v2\/posts\/7718","targetHints":{"allow":["GET"]}}],"collection":[{"href":"https:\/\/www.djurskyddet.se\/landskrona\/wp-json\/wp\/v2\/posts"}],"about":[{"href":"https:\/\/www.djurskyddet.se\/landskrona\/wp-json\/wp\/v2\/types\/post"}],"author":[{"embeddable":true,"href":"https:\/\/www.djurskyddet.se\/landskrona\/wp-json\/wp\/v2\/users\/27"}],"replies":[{"embeddable":true,"href":"https:\/\/www.djurskyddet.se\/landskrona\/wp-json\/wp\/v2\/comments?post=7718"}],"version-history":[{"count":1,"href":"https:\/\/www.djurskyddet.se\/landskrona\/wp-json\/wp\/v2\/posts\/7718\/revisions"}],"predecessor-version":[{"id":7719,"href":"https:\/\/www.djurskyddet.se\/landskrona\/wp-json\/wp\/v2\/posts\/7718\/revisions\/7719"}],"wp:attachment":[{"href":"https:\/\/www.djurskyddet.se\/landskrona\/wp-json\/wp\/v2\/media?parent=7718"}],"wp:term":[{"taxonomy":"category","embeddable":true,"href":"https:\/\/www.djurskyddet.se\/landskrona\/wp-json\/wp\/v2\/categories?post=7718"},{"taxonomy":"post_tag","embeddable":true,"href":"https:\/\/www.djurskyddet.se\/landskrona\/wp-json\/wp\/v2\/tags?post=7718"}],"curies":[{"name":"wp","href":"https:\/\/api.w.org\/{rel}","templated":true}]}}