{"id":7751,"date":"2021-09-27T17:18:00","date_gmt":"2021-09-27T17:18:00","guid":{"rendered":"https:\/\/www.djurskyddet.se\/landskrona\/?p=7751"},"modified":"2021-10-02T17:20:30","modified_gmt":"2021-10-02T17:20:30","slug":"axxa-2","status":"publish","type":"post","link":"https:\/\/www.djurskyddet.se\/landskrona\/senaste-nytt\/axxa-2\/","title":{"rendered":"Axxa"},"content":{"rendered":"\n<figure class=\"wp-block-image size-large\"><img loading=\"lazy\" decoding=\"async\" width=\"729\" height=\"873\" src=\"https:\/\/www.djurskyddet.se\/landskrona\/wp-content\/uploads\/sites\/22\/2021\/09\/Axxa.jpg\" alt=\"\" class=\"wp-image-7727\" srcset=\"https:\/\/www.djurskyddet.se\/landskrona\/wp-content\/uploads\/sites\/22\/2021\/09\/Axxa.jpg 729w, https:\/\/www.djurskyddet.se\/landskrona\/wp-content\/uploads\/sites\/22\/2021\/09\/Axxa-251x300.jpg 251w, https:\/\/www.djurskyddet.se\/landskrona\/wp-content\/uploads\/sites\/22\/2021\/09\/Axxa-400x479.jpg 400w\" sizes=\"auto, (max-width: 729px) 100vw, 729px\" \/><\/figure>\n\n\n\n<p>Idag, 27\/9 har Axxa flyttat till sitt nya hem i Limhamn. Lycka till Axxa.<\/p>\n\n\n\n<p>Axxa finns i jourhem i Malm\u00f6. Axxa kom in med sina ungar och var v\u00e4ldigt \u00f6verbeskyddande. Hon har nu b\u00f6rjat slappna av och visat sig vara en f\u00f6rsiktig men kontakts\u00f6kande dam p\u00e5 cirka 5 \u00e5r. Hon \u00e4r exemplarisk med att anv\u00e4nda sin kl\u00f6sbr\u00e4da och \u00e4r noga med att inte st\u00e4lla till med besv\u00e4r. Tar vara p\u00e5 det lugna och trygga liv hon f\u00e5tt nu n\u00e4r hon slipper f\u00f6da kull efter kull med ungar och \u00e4ntligen kan slappna av. Hon \u00e4r vaccinerad 2 g\u00e5nger, chippad och kastrerad och redo f\u00f6r adoption.<\/p>\n","protected":false},"excerpt":{"rendered":"<p>Idag, 27\/9 har Axxa flyttat till sitt nya hem i Limhamn. Lycka till Axxa. Axxa finns i jourhem i Malm\u00f6. Axxa kom in med sina ungar och var v\u00e4ldigt \u00f6verbeskyddande. Hon har nu b\u00f6rjat slappna av och visat sig vara en f\u00f6rsiktig men kontakts\u00f6kande dam p\u00e5 cirka 5 \u00e5r. Hon \u00e4r exemplarisk med att anv\u00e4nda sin kl\u00f6sbr\u00e4da och \u00e4r noga med att inte st\u00e4lla till med besv\u00e4r. Tar vara p\u00e5&hellip;<\/p>\n<p><a class=\"more-link\" href=\"https:\/\/www.djurskyddet.se\/landskrona\/senaste-nytt\/axxa-2\/\" title=\"Continue reading &lsquo;Axxa&rsquo;\">L&auml;s mer<span class=\"meta-nav\">&raquo;<\/span><\/a><\/p>\n","protected":false},"author":27,"featured_media":0,"comment_status":"closed","ping_status":"open","sticky":false,"template":"","format":"standard","meta":{"_acf_changed":false,"footnotes":""},"categories":[18],"tags":[],"class_list":["post-7751","post","type-post","status-publish","format-standard","hentry","category-senaste-nytt"],"acf":[],"_links":{"self":[{"href":"https:\/\/www.djurskyddet.se\/landskrona\/wp-json\/wp\/v2\/posts\/7751","targetHints":{"allow":["GET"]}}],"collection":[{"href":"https:\/\/www.djurskyddet.se\/landskrona\/wp-json\/wp\/v2\/posts"}],"about":[{"href":"https:\/\/www.djurskyddet.se\/landskrona\/wp-json\/wp\/v2\/types\/post"}],"author":[{"embeddable":true,"href":"https:\/\/www.djurskyddet.se\/landskrona\/wp-json\/wp\/v2\/users\/27"}],"replies":[{"embeddable":true,"href":"https:\/\/www.djurskyddet.se\/landskrona\/wp-json\/wp\/v2\/comments?post=7751"}],"version-history":[{"count":1,"href":"https:\/\/www.djurskyddet.se\/landskrona\/wp-json\/wp\/v2\/posts\/7751\/revisions"}],"predecessor-version":[{"id":7752,"href":"https:\/\/www.djurskyddet.se\/landskrona\/wp-json\/wp\/v2\/posts\/7751\/revisions\/7752"}],"wp:attachment":[{"href":"https:\/\/www.djurskyddet.se\/landskrona\/wp-json\/wp\/v2\/media?parent=7751"}],"wp:term":[{"taxonomy":"category","embeddable":true,"href":"https:\/\/www.djurskyddet.se\/landskrona\/wp-json\/wp\/v2\/categories?post=7751"},{"taxonomy":"post_tag","embeddable":true,"href":"https:\/\/www.djurskyddet.se\/landskrona\/wp-json\/wp\/v2\/tags?post=7751"}],"curies":[{"name":"wp","href":"https:\/\/api.w.org\/{rel}","templated":true}]}}