{"id":7754,"date":"2021-10-02T17:21:00","date_gmt":"2021-10-02T17:21:00","guid":{"rendered":"https:\/\/www.djurskyddet.se\/landskrona\/?p=7754"},"modified":"2021-10-02T17:26:16","modified_gmt":"2021-10-02T17:26:16","slug":"granit","status":"publish","type":"post","link":"https:\/\/www.djurskyddet.se\/landskrona\/senaste-nytt\/granit\/","title":{"rendered":"Granit"},"content":{"rendered":"\n<figure class=\"wp-block-image size-large\"><img loading=\"lazy\" decoding=\"async\" width=\"768\" height=\"1024\" src=\"https:\/\/www.djurskyddet.se\/landskrona\/wp-content\/uploads\/sites\/22\/2021\/10\/Granit.jpg\" alt=\"\" class=\"wp-image-7755\" srcset=\"https:\/\/www.djurskyddet.se\/landskrona\/wp-content\/uploads\/sites\/22\/2021\/10\/Granit.jpg 768w, https:\/\/www.djurskyddet.se\/landskrona\/wp-content\/uploads\/sites\/22\/2021\/10\/Granit-225x300.jpg 225w, https:\/\/www.djurskyddet.se\/landskrona\/wp-content\/uploads\/sites\/22\/2021\/10\/Granit-400x533.jpg 400w\" sizes=\"auto, (max-width: 768px) 100vw, 768px\" \/><\/figure>\n\n\n\n<p>Idag 2\/10 flyttade Granit till sitt nya hem i \u00c5lstorp.<\/p>\n\n\n\n<p>Granit togs in 14\/8, upphittad i Bellevue, Malm\u00f6. Upphittaren s\u00e5g att han var i stort behov av hj\u00e4lp och kontaktade oss. Granit var i mycket d\u00e5ligt skick n\u00e4r han togs in. Han var bara skinn och ben efter att haft sv\u00e5rt att f\u00e5 tag i mat p\u00e5 grund av skada. Han hade s\u00e5 mycket \u00f6ronskabb att han skrek av sm\u00e4rta bara man nuddade \u00f6ronen p\u00e5 honom. Efter vila, omv\u00e5rdnad och behandling i jourhemmet i Malm\u00f6 d\u00e4r han ocks\u00e5 blivit kastrerad, chippad och vaccinerad 2 g\u00e5nger m\u00e5r han idag bra och \u00e4r redo f\u00f6r att adopteras till ett nytt hem.<br>Granit har en fantastisk personlighet. Han \u00e4r s\u00e5 tacksam f\u00f6r hj\u00e4lpen han f\u00e5tt och st\u00e4ller sig g\u00e4rna p\u00e5 bakbenen och kramas.<\/p>\n","protected":false},"excerpt":{"rendered":"<p>Idag 2\/10 flyttade Granit till sitt nya hem i \u00c5lstorp. Granit togs in 14\/8, upphittad i Bellevue, Malm\u00f6. Upphittaren s\u00e5g att han var i stort behov av hj\u00e4lp och kontaktade oss. Granit var i mycket d\u00e5ligt skick n\u00e4r han togs in. Han var bara skinn och ben efter att haft sv\u00e5rt att f\u00e5 tag i mat p\u00e5 grund av skada. Han hade s\u00e5 mycket \u00f6ronskabb att han skrek av sm\u00e4rta&hellip;<\/p>\n<p><a class=\"more-link\" href=\"https:\/\/www.djurskyddet.se\/landskrona\/senaste-nytt\/granit\/\" title=\"Continue reading &lsquo;Granit&rsquo;\">L&auml;s mer<span class=\"meta-nav\">&raquo;<\/span><\/a><\/p>\n","protected":false},"author":27,"featured_media":0,"comment_status":"closed","ping_status":"open","sticky":false,"template":"","format":"standard","meta":{"_acf_changed":false,"footnotes":""},"categories":[18],"tags":[],"class_list":["post-7754","post","type-post","status-publish","format-standard","hentry","category-senaste-nytt"],"acf":[],"_links":{"self":[{"href":"https:\/\/www.djurskyddet.se\/landskrona\/wp-json\/wp\/v2\/posts\/7754","targetHints":{"allow":["GET"]}}],"collection":[{"href":"https:\/\/www.djurskyddet.se\/landskrona\/wp-json\/wp\/v2\/posts"}],"about":[{"href":"https:\/\/www.djurskyddet.se\/landskrona\/wp-json\/wp\/v2\/types\/post"}],"author":[{"embeddable":true,"href":"https:\/\/www.djurskyddet.se\/landskrona\/wp-json\/wp\/v2\/users\/27"}],"replies":[{"embeddable":true,"href":"https:\/\/www.djurskyddet.se\/landskrona\/wp-json\/wp\/v2\/comments?post=7754"}],"version-history":[{"count":1,"href":"https:\/\/www.djurskyddet.se\/landskrona\/wp-json\/wp\/v2\/posts\/7754\/revisions"}],"predecessor-version":[{"id":7756,"href":"https:\/\/www.djurskyddet.se\/landskrona\/wp-json\/wp\/v2\/posts\/7754\/revisions\/7756"}],"wp:attachment":[{"href":"https:\/\/www.djurskyddet.se\/landskrona\/wp-json\/wp\/v2\/media?parent=7754"}],"wp:term":[{"taxonomy":"category","embeddable":true,"href":"https:\/\/www.djurskyddet.se\/landskrona\/wp-json\/wp\/v2\/categories?post=7754"},{"taxonomy":"post_tag","embeddable":true,"href":"https:\/\/www.djurskyddet.se\/landskrona\/wp-json\/wp\/v2\/tags?post=7754"}],"curies":[{"name":"wp","href":"https:\/\/api.w.org\/{rel}","templated":true}]}}