{"id":7785,"date":"2021-10-09T18:32:00","date_gmt":"2021-10-09T18:32:00","guid":{"rendered":"https:\/\/www.djurskyddet.se\/landskrona\/?p=7785"},"modified":"2021-10-18T18:40:31","modified_gmt":"2021-10-18T18:40:31","slug":"freja","status":"publish","type":"post","link":"https:\/\/www.djurskyddet.se\/landskrona\/senaste-nytt\/freja\/","title":{"rendered":"Freja"},"content":{"rendered":"\n<figure class=\"wp-block-image size-large\"><img loading=\"lazy\" decoding=\"async\" width=\"768\" height=\"1024\" src=\"https:\/\/www.djurskyddet.se\/landskrona\/wp-content\/uploads\/sites\/22\/2021\/10\/Freja.jpg\" alt=\"\" class=\"wp-image-7786\" srcset=\"https:\/\/www.djurskyddet.se\/landskrona\/wp-content\/uploads\/sites\/22\/2021\/10\/Freja.jpg 768w, https:\/\/www.djurskyddet.se\/landskrona\/wp-content\/uploads\/sites\/22\/2021\/10\/Freja-225x300.jpg 225w, https:\/\/www.djurskyddet.se\/landskrona\/wp-content\/uploads\/sites\/22\/2021\/10\/Freja-400x533.jpg 400w\" sizes=\"auto, (max-width: 768px) 100vw, 768px\" \/><\/figure>\n\n\n\n<p>Freja kom till jourhemmet i \u00c5lstorp den 26 september. Vi tog \u00f6ver henne fr\u00e5n en annan f\u00f6rening som beh\u00f6vde hj\u00e4lp. Denna underbara, fina och sn\u00e4lla katthona, ca 1,5- 2 \u00e5r gammal, hann knappt landa i jourhemmet f\u00f6rr\u00e4n vi hade en som ville adoptera henne. &nbsp;Nu har hon f\u00e5tt ett nytt hem i Limhamn, Malm\u00f6.<\/p>\n","protected":false},"excerpt":{"rendered":"<p>Freja kom till jourhemmet i \u00c5lstorp den 26 september. Vi tog \u00f6ver henne fr\u00e5n en annan f\u00f6rening som beh\u00f6vde hj\u00e4lp. Denna underbara, fina och sn\u00e4lla katthona, ca 1,5- 2 \u00e5r gammal, hann knappt landa i jourhemmet f\u00f6rr\u00e4n vi hade en som ville adoptera henne. &nbsp;Nu har hon f\u00e5tt ett nytt hem i Limhamn, Malm\u00f6.<\/p>\n","protected":false},"author":27,"featured_media":0,"comment_status":"closed","ping_status":"open","sticky":false,"template":"","format":"standard","meta":{"_acf_changed":false,"footnotes":""},"categories":[18],"tags":[],"class_list":["post-7785","post","type-post","status-publish","format-standard","hentry","category-senaste-nytt"],"acf":[],"_links":{"self":[{"href":"https:\/\/www.djurskyddet.se\/landskrona\/wp-json\/wp\/v2\/posts\/7785","targetHints":{"allow":["GET"]}}],"collection":[{"href":"https:\/\/www.djurskyddet.se\/landskrona\/wp-json\/wp\/v2\/posts"}],"about":[{"href":"https:\/\/www.djurskyddet.se\/landskrona\/wp-json\/wp\/v2\/types\/post"}],"author":[{"embeddable":true,"href":"https:\/\/www.djurskyddet.se\/landskrona\/wp-json\/wp\/v2\/users\/27"}],"replies":[{"embeddable":true,"href":"https:\/\/www.djurskyddet.se\/landskrona\/wp-json\/wp\/v2\/comments?post=7785"}],"version-history":[{"count":2,"href":"https:\/\/www.djurskyddet.se\/landskrona\/wp-json\/wp\/v2\/posts\/7785\/revisions"}],"predecessor-version":[{"id":7788,"href":"https:\/\/www.djurskyddet.se\/landskrona\/wp-json\/wp\/v2\/posts\/7785\/revisions\/7788"}],"wp:attachment":[{"href":"https:\/\/www.djurskyddet.se\/landskrona\/wp-json\/wp\/v2\/media?parent=7785"}],"wp:term":[{"taxonomy":"category","embeddable":true,"href":"https:\/\/www.djurskyddet.se\/landskrona\/wp-json\/wp\/v2\/categories?post=7785"},{"taxonomy":"post_tag","embeddable":true,"href":"https:\/\/www.djurskyddet.se\/landskrona\/wp-json\/wp\/v2\/tags?post=7785"}],"curies":[{"name":"wp","href":"https:\/\/api.w.org\/{rel}","templated":true}]}}