{"id":7799,"date":"2021-10-22T17:50:14","date_gmt":"2021-10-22T17:50:14","guid":{"rendered":"https:\/\/www.djurskyddet.se\/landskrona\/?p=7799"},"modified":"2021-10-22T17:50:16","modified_gmt":"2021-10-22T17:50:16","slug":"hemlosa-katters-vecka-v-43","status":"publish","type":"post","link":"https:\/\/www.djurskyddet.se\/landskrona\/senaste-nytt\/hemlosa-katters-vecka-v-43\/","title":{"rendered":"Heml\u00f6sa katters vecka, v 43"},"content":{"rendered":"\n<p>Vi har insamlingsl\u00e5dor p\u00e5 Citygross och  ICA Kvantum i Landskrona och tar tacksamt emot g\u00e5vor till de heml\u00f6sa katterna!<\/p>\n\n\n\n<p>N\u00e4sta vecka \u00e4r det \u00e4ntligen dags f\u00f6r Heml\u00f6sa katters vecka! I \u00e5r \u00e4r engagemanget st\u00f6rre \u00e4n n\u00e5gonsin och tillsammans med 80 ideella katthem runt om i Sverige kommer vi samla in kattmat till heml\u00f6sa katter. Under veckan kommer du hitta insamlingsl\u00e5dor i matbutiker i hela landet d\u00e4r du kan sk\u00e4nka kattmat till dit lokala katthem. \u00c5rets vecka \u00e4r extra efterl\u00e4ngtad d\u00e5 de flesta katthem drivs av ideella organisationer och \u00e4r beroende av g\u00e5vor och donationer \u2013 n\u00e5got som har varit extra sv\u00e5rt att f\u00e5 in under pandemin. Heml\u00f6sa katters vecka \u00e4r ett initiativ fr\u00e5n Mjau som belyser problemet med de \u00f6ver 100 000 heml\u00f6sa katter som finns i Sverige, och hyllar alla katthem som k\u00e4mpar f\u00f6r deras \u00f6verlevnad.<\/p>\n","protected":false},"excerpt":{"rendered":"<p>Vi har insamlingsl\u00e5dor p\u00e5 Citygross och ICA Kvantum i Landskrona och tar tacksamt emot g\u00e5vor till de heml\u00f6sa katterna! N\u00e4sta vecka \u00e4r det \u00e4ntligen dags f\u00f6r Heml\u00f6sa katters vecka! I \u00e5r \u00e4r engagemanget st\u00f6rre \u00e4n n\u00e5gonsin och tillsammans med 80 ideella katthem runt om i Sverige kommer vi samla in kattmat till heml\u00f6sa katter. Under veckan kommer du hitta insamlingsl\u00e5dor i matbutiker i hela landet d\u00e4r du kan sk\u00e4nka kattmat&hellip;<\/p>\n<p><a class=\"more-link\" href=\"https:\/\/www.djurskyddet.se\/landskrona\/senaste-nytt\/hemlosa-katters-vecka-v-43\/\" title=\"Continue reading &lsquo;Heml\u00f6sa katters vecka, v 43&rsquo;\">L&auml;s mer<span class=\"meta-nav\">&raquo;<\/span><\/a><\/p>\n","protected":false},"author":27,"featured_media":0,"comment_status":"closed","ping_status":"open","sticky":false,"template":"","format":"standard","meta":{"_acf_changed":false,"footnotes":""},"categories":[18],"tags":[],"class_list":["post-7799","post","type-post","status-publish","format-standard","hentry","category-senaste-nytt"],"acf":[],"_links":{"self":[{"href":"https:\/\/www.djurskyddet.se\/landskrona\/wp-json\/wp\/v2\/posts\/7799","targetHints":{"allow":["GET"]}}],"collection":[{"href":"https:\/\/www.djurskyddet.se\/landskrona\/wp-json\/wp\/v2\/posts"}],"about":[{"href":"https:\/\/www.djurskyddet.se\/landskrona\/wp-json\/wp\/v2\/types\/post"}],"author":[{"embeddable":true,"href":"https:\/\/www.djurskyddet.se\/landskrona\/wp-json\/wp\/v2\/users\/27"}],"replies":[{"embeddable":true,"href":"https:\/\/www.djurskyddet.se\/landskrona\/wp-json\/wp\/v2\/comments?post=7799"}],"version-history":[{"count":1,"href":"https:\/\/www.djurskyddet.se\/landskrona\/wp-json\/wp\/v2\/posts\/7799\/revisions"}],"predecessor-version":[{"id":7800,"href":"https:\/\/www.djurskyddet.se\/landskrona\/wp-json\/wp\/v2\/posts\/7799\/revisions\/7800"}],"wp:attachment":[{"href":"https:\/\/www.djurskyddet.se\/landskrona\/wp-json\/wp\/v2\/media?parent=7799"}],"wp:term":[{"taxonomy":"category","embeddable":true,"href":"https:\/\/www.djurskyddet.se\/landskrona\/wp-json\/wp\/v2\/categories?post=7799"},{"taxonomy":"post_tag","embeddable":true,"href":"https:\/\/www.djurskyddet.se\/landskrona\/wp-json\/wp\/v2\/tags?post=7799"}],"curies":[{"name":"wp","href":"https:\/\/api.w.org\/{rel}","templated":true}]}}