{"id":7826,"date":"2021-10-22T18:30:00","date_gmt":"2021-10-22T18:30:00","guid":{"rendered":"https:\/\/www.djurskyddet.se\/landskrona\/?p=7826"},"modified":"2021-11-06T19:02:43","modified_gmt":"2021-11-06T19:02:43","slug":"ester-2","status":"publish","type":"post","link":"https:\/\/www.djurskyddet.se\/landskrona\/senaste-nytt\/ester-2\/","title":{"rendered":"Ester"},"content":{"rendered":"\n<figure class=\"wp-block-image size-large\"><img loading=\"lazy\" decoding=\"async\" width=\"526\" height=\"705\" src=\"https:\/\/www.djurskyddet.se\/landskrona\/wp-content\/uploads\/sites\/22\/2021\/09\/Ester.jpg\" alt=\"\" class=\"wp-image-7737\" srcset=\"https:\/\/www.djurskyddet.se\/landskrona\/wp-content\/uploads\/sites\/22\/2021\/09\/Ester.jpg 526w, https:\/\/www.djurskyddet.se\/landskrona\/wp-content\/uploads\/sites\/22\/2021\/09\/Ester-224x300.jpg 224w, https:\/\/www.djurskyddet.se\/landskrona\/wp-content\/uploads\/sites\/22\/2021\/09\/Ester-400x536.jpg 400w\" sizes=\"auto, (max-width: 526px) 100vw, 526px\" \/><\/figure>\n\n\n\n<p>Ikv\u00e4ll, 22\/10, fick Ester flytta till sitt nya hem i Ljungbyhed tillsammans med sin jourhemskompis Izzy.<\/p>\n\n\n\n<p>Ester finns i jourhem i Landskrona.<br>Den 11 augusti blev vi kontaktade om en upphittad sjuk kattunge cirka 10-11 veckor gammal i Sval\u00f6v. Vi tog in henne och hon hade kattsnuva med rosslig andh\u00e4mtning och svullet \u00f6ga. Hon var helt utmattad n\u00e4r vi tog in henne.<br>Idag efter behandling \u00e4r Ester en j\u00e4ttego och kelig duracellkanin, full fart hela tiden. Hon har f\u00e5tt sin f\u00f6rsta vaccinering och ber\u00e4knas vara redo f\u00f6r adoption i slutet av oktober, n\u00e4r hon f\u00e5tt sin andra vaccinering och chip.&nbsp;<\/p>\n","protected":false},"excerpt":{"rendered":"<p>Ikv\u00e4ll, 22\/10, fick Ester flytta till sitt nya hem i Ljungbyhed tillsammans med sin jourhemskompis Izzy. Ester finns i jourhem i Landskrona.Den 11 augusti blev vi kontaktade om en upphittad sjuk kattunge cirka 10-11 veckor gammal i Sval\u00f6v. Vi tog in henne och hon hade kattsnuva med rosslig andh\u00e4mtning och svullet \u00f6ga. Hon var helt utmattad n\u00e4r vi tog in henne.Idag efter behandling \u00e4r Ester en j\u00e4ttego och kelig duracellkanin,&hellip;<\/p>\n<p><a class=\"more-link\" href=\"https:\/\/www.djurskyddet.se\/landskrona\/senaste-nytt\/ester-2\/\" title=\"Continue reading &lsquo;Ester&rsquo;\">L&auml;s mer<span class=\"meta-nav\">&raquo;<\/span><\/a><\/p>\n","protected":false},"author":27,"featured_media":0,"comment_status":"closed","ping_status":"open","sticky":false,"template":"","format":"standard","meta":{"_acf_changed":false,"footnotes":""},"categories":[18],"tags":[],"class_list":["post-7826","post","type-post","status-publish","format-standard","hentry","category-senaste-nytt"],"acf":[],"_links":{"self":[{"href":"https:\/\/www.djurskyddet.se\/landskrona\/wp-json\/wp\/v2\/posts\/7826","targetHints":{"allow":["GET"]}}],"collection":[{"href":"https:\/\/www.djurskyddet.se\/landskrona\/wp-json\/wp\/v2\/posts"}],"about":[{"href":"https:\/\/www.djurskyddet.se\/landskrona\/wp-json\/wp\/v2\/types\/post"}],"author":[{"embeddable":true,"href":"https:\/\/www.djurskyddet.se\/landskrona\/wp-json\/wp\/v2\/users\/27"}],"replies":[{"embeddable":true,"href":"https:\/\/www.djurskyddet.se\/landskrona\/wp-json\/wp\/v2\/comments?post=7826"}],"version-history":[{"count":2,"href":"https:\/\/www.djurskyddet.se\/landskrona\/wp-json\/wp\/v2\/posts\/7826\/revisions"}],"predecessor-version":[{"id":7828,"href":"https:\/\/www.djurskyddet.se\/landskrona\/wp-json\/wp\/v2\/posts\/7826\/revisions\/7828"}],"wp:attachment":[{"href":"https:\/\/www.djurskyddet.se\/landskrona\/wp-json\/wp\/v2\/media?parent=7826"}],"wp:term":[{"taxonomy":"category","embeddable":true,"href":"https:\/\/www.djurskyddet.se\/landskrona\/wp-json\/wp\/v2\/categories?post=7826"},{"taxonomy":"post_tag","embeddable":true,"href":"https:\/\/www.djurskyddet.se\/landskrona\/wp-json\/wp\/v2\/tags?post=7826"}],"curies":[{"name":"wp","href":"https:\/\/api.w.org\/{rel}","templated":true}]}}