{"id":7835,"date":"2021-10-31T19:07:00","date_gmt":"2021-10-31T19:07:00","guid":{"rendered":"https:\/\/www.djurskyddet.se\/landskrona\/?p=7835"},"modified":"2021-11-06T19:08:43","modified_gmt":"2021-11-06T19:08:43","slug":"semlan","status":"publish","type":"post","link":"https:\/\/www.djurskyddet.se\/landskrona\/senaste-nytt\/semlan\/","title":{"rendered":"Semlan"},"content":{"rendered":"\n<figure class=\"wp-block-image size-large\"><img loading=\"lazy\" decoding=\"async\" width=\"832\" height=\"920\" src=\"https:\/\/www.djurskyddet.se\/landskrona\/wp-content\/uploads\/sites\/22\/2021\/11\/Semlan.jpg\" alt=\"\" class=\"wp-image-7836\" srcset=\"https:\/\/www.djurskyddet.se\/landskrona\/wp-content\/uploads\/sites\/22\/2021\/11\/Semlan.jpg 832w, https:\/\/www.djurskyddet.se\/landskrona\/wp-content\/uploads\/sites\/22\/2021\/11\/Semlan-271x300.jpg 271w, https:\/\/www.djurskyddet.se\/landskrona\/wp-content\/uploads\/sites\/22\/2021\/11\/Semlan-768x849.jpg 768w, https:\/\/www.djurskyddet.se\/landskrona\/wp-content\/uploads\/sites\/22\/2021\/11\/Semlan-400x442.jpg 400w\" sizes=\"auto, (max-width: 832px) 100vw, 832px\" \/><\/figure>\n\n\n\n<p><\/p>\n\n\n\n<p>I s\u00f6ndags, 31\/10. flyttade Semlan till sitt nya hem i Malm\u00f6.<\/p>\n\n\n\n<p>Semlan kom in till jourhemmet i Malm\u00f6 den 26\/9, tillsammans med sina 2 halvvuxna kattungar. Denna vackra och keliga hona kom till oss via kontakter med en annan f\u00f6rening. Semlan \u00e4lskar att ligga p\u00e5 din mage och mysa. Hon ska vara med hela tiden, m\u00f6jligtvis kan hon l\u00e4mna din sida f\u00f6r att ligga i solen en stund n\u00e4r den tittar fram.<\/p>\n","protected":false},"excerpt":{"rendered":"<p>I s\u00f6ndags, 31\/10. flyttade Semlan till sitt nya hem i Malm\u00f6. Semlan kom in till jourhemmet i Malm\u00f6 den 26\/9, tillsammans med sina 2 halvvuxna kattungar. Denna vackra och keliga hona kom till oss via kontakter med en annan f\u00f6rening. Semlan \u00e4lskar att ligga p\u00e5 din mage och mysa. Hon ska vara med hela tiden, m\u00f6jligtvis kan hon l\u00e4mna din sida f\u00f6r att ligga i solen en stund n\u00e4r den&hellip;<\/p>\n<p><a class=\"more-link\" href=\"https:\/\/www.djurskyddet.se\/landskrona\/senaste-nytt\/semlan\/\" title=\"Continue reading &lsquo;Semlan&rsquo;\">L&auml;s mer<span class=\"meta-nav\">&raquo;<\/span><\/a><\/p>\n","protected":false},"author":27,"featured_media":0,"comment_status":"closed","ping_status":"open","sticky":false,"template":"","format":"standard","meta":{"_acf_changed":false,"footnotes":""},"categories":[18],"tags":[],"class_list":["post-7835","post","type-post","status-publish","format-standard","hentry","category-senaste-nytt"],"acf":[],"_links":{"self":[{"href":"https:\/\/www.djurskyddet.se\/landskrona\/wp-json\/wp\/v2\/posts\/7835","targetHints":{"allow":["GET"]}}],"collection":[{"href":"https:\/\/www.djurskyddet.se\/landskrona\/wp-json\/wp\/v2\/posts"}],"about":[{"href":"https:\/\/www.djurskyddet.se\/landskrona\/wp-json\/wp\/v2\/types\/post"}],"author":[{"embeddable":true,"href":"https:\/\/www.djurskyddet.se\/landskrona\/wp-json\/wp\/v2\/users\/27"}],"replies":[{"embeddable":true,"href":"https:\/\/www.djurskyddet.se\/landskrona\/wp-json\/wp\/v2\/comments?post=7835"}],"version-history":[{"count":1,"href":"https:\/\/www.djurskyddet.se\/landskrona\/wp-json\/wp\/v2\/posts\/7835\/revisions"}],"predecessor-version":[{"id":7837,"href":"https:\/\/www.djurskyddet.se\/landskrona\/wp-json\/wp\/v2\/posts\/7835\/revisions\/7837"}],"wp:attachment":[{"href":"https:\/\/www.djurskyddet.se\/landskrona\/wp-json\/wp\/v2\/media?parent=7835"}],"wp:term":[{"taxonomy":"category","embeddable":true,"href":"https:\/\/www.djurskyddet.se\/landskrona\/wp-json\/wp\/v2\/categories?post=7835"},{"taxonomy":"post_tag","embeddable":true,"href":"https:\/\/www.djurskyddet.se\/landskrona\/wp-json\/wp\/v2\/tags?post=7835"}],"curies":[{"name":"wp","href":"https:\/\/api.w.org\/{rel}","templated":true}]}}