{"id":7838,"date":"2021-10-31T19:13:00","date_gmt":"2021-10-31T19:13:00","guid":{"rendered":"https:\/\/www.djurskyddet.se\/landskrona\/?p=7838"},"modified":"2021-11-06T19:14:35","modified_gmt":"2021-11-06T19:14:35","slug":"affe-2","status":"publish","type":"post","link":"https:\/\/www.djurskyddet.se\/landskrona\/senaste-nytt\/affe-2\/","title":{"rendered":"Affe"},"content":{"rendered":"\n<figure class=\"wp-block-image size-large\"><img loading=\"lazy\" decoding=\"async\" width=\"499\" height=\"806\" src=\"https:\/\/www.djurskyddet.se\/landskrona\/wp-content\/uploads\/sites\/22\/2021\/10\/Affe.jpg\" alt=\"\" class=\"wp-image-7778\" srcset=\"https:\/\/www.djurskyddet.se\/landskrona\/wp-content\/uploads\/sites\/22\/2021\/10\/Affe.jpg 499w, https:\/\/www.djurskyddet.se\/landskrona\/wp-content\/uploads\/sites\/22\/2021\/10\/Affe-186x300.jpg 186w, https:\/\/www.djurskyddet.se\/landskrona\/wp-content\/uploads\/sites\/22\/2021\/10\/Affe-400x646.jpg 400w\" sizes=\"auto, (max-width: 499px) 100vw, 499px\" \/><\/figure>\n\n\n\n<p>I s\u00f6ndags, 31\/10, flyttade lilla Affe tillsammans med sin bror Krille till sitt nya hem i Malm\u00f6.<\/p>\n\n\n\n<p>Han kom in tillsammans med sin mamma Semlan och sin bror Krille. Affe \u00e4r en helt fantastisk katt b\u00e5de i utseende och lynne. Han ska vara med hela tiden. Busig som bara den men \u00e4r ocks\u00e5 s\u00e5 kelen och mjuk. Mjuk ja en helt silkeslen p\u00e4ls. Affe kr\u00e4ver s\u00e4llskap av b\u00e5de m\u00e4nniskor och djur. Det har inte n\u00e5gon betydelse f\u00f6r honom om djuret \u00e4r hund eller katt. Han f\u00f6ljer varje steg du tar och sl\u00e4nger sig p\u00e5 golvet f\u00f6r att visa sin tillgivenhet. Redan snubblat m\u00e5nga g\u00e5nger \u00f6ver honom. Affe \u00e4r odd-eye katt, det \u00e4r en defekt, som kan leda till att en del katter blir blinda p\u00e5 det bl\u00e5 \u00f6gat n\u00e4r de blir gamla.<br>F\u00f6dd 9 maj&nbsp;<\/p>\n","protected":false},"excerpt":{"rendered":"<p>I s\u00f6ndags, 31\/10, flyttade lilla Affe tillsammans med sin bror Krille till sitt nya hem i Malm\u00f6. Han kom in tillsammans med sin mamma Semlan och sin bror Krille. Affe \u00e4r en helt fantastisk katt b\u00e5de i utseende och lynne. Han ska vara med hela tiden. Busig som bara den men \u00e4r ocks\u00e5 s\u00e5 kelen och mjuk. Mjuk ja en helt silkeslen p\u00e4ls. Affe kr\u00e4ver s\u00e4llskap av b\u00e5de m\u00e4nniskor och&hellip;<\/p>\n<p><a class=\"more-link\" href=\"https:\/\/www.djurskyddet.se\/landskrona\/senaste-nytt\/affe-2\/\" title=\"Continue reading &lsquo;Affe&rsquo;\">L&auml;s mer<span class=\"meta-nav\">&raquo;<\/span><\/a><\/p>\n","protected":false},"author":27,"featured_media":0,"comment_status":"closed","ping_status":"open","sticky":false,"template":"","format":"standard","meta":{"_acf_changed":false,"footnotes":""},"categories":[18],"tags":[],"class_list":["post-7838","post","type-post","status-publish","format-standard","hentry","category-senaste-nytt"],"acf":[],"_links":{"self":[{"href":"https:\/\/www.djurskyddet.se\/landskrona\/wp-json\/wp\/v2\/posts\/7838","targetHints":{"allow":["GET"]}}],"collection":[{"href":"https:\/\/www.djurskyddet.se\/landskrona\/wp-json\/wp\/v2\/posts"}],"about":[{"href":"https:\/\/www.djurskyddet.se\/landskrona\/wp-json\/wp\/v2\/types\/post"}],"author":[{"embeddable":true,"href":"https:\/\/www.djurskyddet.se\/landskrona\/wp-json\/wp\/v2\/users\/27"}],"replies":[{"embeddable":true,"href":"https:\/\/www.djurskyddet.se\/landskrona\/wp-json\/wp\/v2\/comments?post=7838"}],"version-history":[{"count":1,"href":"https:\/\/www.djurskyddet.se\/landskrona\/wp-json\/wp\/v2\/posts\/7838\/revisions"}],"predecessor-version":[{"id":7839,"href":"https:\/\/www.djurskyddet.se\/landskrona\/wp-json\/wp\/v2\/posts\/7838\/revisions\/7839"}],"wp:attachment":[{"href":"https:\/\/www.djurskyddet.se\/landskrona\/wp-json\/wp\/v2\/media?parent=7838"}],"wp:term":[{"taxonomy":"category","embeddable":true,"href":"https:\/\/www.djurskyddet.se\/landskrona\/wp-json\/wp\/v2\/categories?post=7838"},{"taxonomy":"post_tag","embeddable":true,"href":"https:\/\/www.djurskyddet.se\/landskrona\/wp-json\/wp\/v2\/tags?post=7838"}],"curies":[{"name":"wp","href":"https:\/\/api.w.org\/{rel}","templated":true}]}}