{"id":7840,"date":"2021-11-06T19:17:46","date_gmt":"2021-11-06T19:17:46","guid":{"rendered":"https:\/\/www.djurskyddet.se\/landskrona\/?p=7840"},"modified":"2021-11-06T19:17:48","modified_gmt":"2021-11-06T19:17:48","slug":"krille-2","status":"publish","type":"post","link":"https:\/\/www.djurskyddet.se\/landskrona\/senaste-nytt\/krille-2\/","title":{"rendered":"Krille"},"content":{"rendered":"\n<figure class=\"wp-block-image size-large\"><img loading=\"lazy\" decoding=\"async\" width=\"577\" height=\"772\" src=\"https:\/\/www.djurskyddet.se\/landskrona\/wp-content\/uploads\/sites\/22\/2021\/10\/Krille.jpg\" alt=\"\" class=\"wp-image-7774\" srcset=\"https:\/\/www.djurskyddet.se\/landskrona\/wp-content\/uploads\/sites\/22\/2021\/10\/Krille.jpg 577w, https:\/\/www.djurskyddet.se\/landskrona\/wp-content\/uploads\/sites\/22\/2021\/10\/Krille-224x300.jpg 224w, https:\/\/www.djurskyddet.se\/landskrona\/wp-content\/uploads\/sites\/22\/2021\/10\/Krille-400x535.jpg 400w\" sizes=\"auto, (max-width: 577px) 100vw, 577px\" \/><\/figure>\n\n\n\n<p><\/p>\n\n\n\n<p>I s\u00f6ndags, 31\/10, flyttade lilla Krille tillsammans med sin bror Affe till sitt nya hem i Malm\u00f6.<\/p>\n\n\n\n<p>Han och hans bror Affe och mamma Semlan kom in samtidigt. Krille \u00e4r uppvuxen i ett garage och var v\u00e4ldigt r\u00e4dd men har nu slappnat av och visat sig vara kelen och nyfiken. Fortfarande lite r\u00e4dd f\u00f6r hastiga r\u00f6relser men bara varit inne cirka 10 dagar. Tar man det f\u00f6rsiktigt s\u00e5 \u00e4lskar han mys och har \u00e4ven b\u00f6rjat sova i s\u00e4ngen. En busig ton\u00e5ring som absolut inte \u00e4r nyfiken p\u00e5 d\u00f6rren. Aktar sig noga f\u00f6r att komma utanf\u00f6r i kylan igen.<br>F\u00f6dd 9 maj.<\/p>\n","protected":false},"excerpt":{"rendered":"<p>I s\u00f6ndags, 31\/10, flyttade lilla Krille tillsammans med sin bror Affe till sitt nya hem i Malm\u00f6. Han och hans bror Affe och mamma Semlan kom in samtidigt. Krille \u00e4r uppvuxen i ett garage och var v\u00e4ldigt r\u00e4dd men har nu slappnat av och visat sig vara kelen och nyfiken. Fortfarande lite r\u00e4dd f\u00f6r hastiga r\u00f6relser men bara varit inne cirka 10 dagar. Tar man det f\u00f6rsiktigt s\u00e5 \u00e4lskar han&hellip;<\/p>\n<p><a class=\"more-link\" href=\"https:\/\/www.djurskyddet.se\/landskrona\/senaste-nytt\/krille-2\/\" title=\"Continue reading &lsquo;Krille&rsquo;\">L&auml;s mer<span class=\"meta-nav\">&raquo;<\/span><\/a><\/p>\n","protected":false},"author":27,"featured_media":0,"comment_status":"closed","ping_status":"open","sticky":false,"template":"","format":"standard","meta":{"_acf_changed":false,"footnotes":""},"categories":[18],"tags":[],"class_list":["post-7840","post","type-post","status-publish","format-standard","hentry","category-senaste-nytt"],"acf":[],"_links":{"self":[{"href":"https:\/\/www.djurskyddet.se\/landskrona\/wp-json\/wp\/v2\/posts\/7840","targetHints":{"allow":["GET"]}}],"collection":[{"href":"https:\/\/www.djurskyddet.se\/landskrona\/wp-json\/wp\/v2\/posts"}],"about":[{"href":"https:\/\/www.djurskyddet.se\/landskrona\/wp-json\/wp\/v2\/types\/post"}],"author":[{"embeddable":true,"href":"https:\/\/www.djurskyddet.se\/landskrona\/wp-json\/wp\/v2\/users\/27"}],"replies":[{"embeddable":true,"href":"https:\/\/www.djurskyddet.se\/landskrona\/wp-json\/wp\/v2\/comments?post=7840"}],"version-history":[{"count":1,"href":"https:\/\/www.djurskyddet.se\/landskrona\/wp-json\/wp\/v2\/posts\/7840\/revisions"}],"predecessor-version":[{"id":7841,"href":"https:\/\/www.djurskyddet.se\/landskrona\/wp-json\/wp\/v2\/posts\/7840\/revisions\/7841"}],"wp:attachment":[{"href":"https:\/\/www.djurskyddet.se\/landskrona\/wp-json\/wp\/v2\/media?parent=7840"}],"wp:term":[{"taxonomy":"category","embeddable":true,"href":"https:\/\/www.djurskyddet.se\/landskrona\/wp-json\/wp\/v2\/categories?post=7840"},{"taxonomy":"post_tag","embeddable":true,"href":"https:\/\/www.djurskyddet.se\/landskrona\/wp-json\/wp\/v2\/tags?post=7840"}],"curies":[{"name":"wp","href":"https:\/\/api.w.org\/{rel}","templated":true}]}}