{"id":7900,"date":"2021-09-28T19:38:00","date_gmt":"2021-09-28T19:38:00","guid":{"rendered":"https:\/\/www.djurskyddet.se\/landskrona\/?p=7900"},"modified":"2021-12-12T19:43:16","modified_gmt":"2021-12-12T19:43:16","slug":"stort-tack-till-hills-2","status":"publish","type":"post","link":"https:\/\/www.djurskyddet.se\/landskrona\/aktuellt\/stort-tack-till-hills-2\/","title":{"rendered":"Stort tack till Hill\u00b4s"},"content":{"rendered":"\n<figure class=\"wp-block-image size-large\"><img loading=\"lazy\" decoding=\"async\" width=\"560\" height=\"750\" src=\"https:\/\/www.djurskyddet.se\/landskrona\/wp-content\/uploads\/sites\/22\/2021\/10\/Scilla3.jpg\" alt=\"\" class=\"wp-image-7748\" srcset=\"https:\/\/www.djurskyddet.se\/landskrona\/wp-content\/uploads\/sites\/22\/2021\/10\/Scilla3.jpg 560w, https:\/\/www.djurskyddet.se\/landskrona\/wp-content\/uploads\/sites\/22\/2021\/10\/Scilla3-224x300.jpg 224w, https:\/\/www.djurskyddet.se\/landskrona\/wp-content\/uploads\/sites\/22\/2021\/10\/Scilla3-400x536.jpg 400w\" sizes=\"auto, (max-width: 560px) 100vw, 560px\" \/><figcaption>Scilla<\/figcaption><\/figure>\n\n\n\n<p>Scilla \u00e4r en av flera katter som tog in fr\u00e5n ett mis\u00e4r\u00e4rende p\u00e5 en g\u00e5rd. D\u00e4r fanns f\u00f6r m\u00e5nga katter som fick f\u00f6r lite och f\u00f6r d\u00e5lig mat. De var okastrerade och hade inte f\u00e5tt n\u00e5gon behandling mot ohyra. Alla katterna som togs in d\u00e4rifr\u00e5n var mycket undern\u00e4rda. N\u00e4r Scilla togs in var hon troligen 7 m\u00e5nader gammal. Hon v\u00e4gde 1,9 kg och var v\u00e4ldigt rund om magen. Hon var helt slut och ville bara \u00e4ta och sova. Sov gjorde hon vid sidan om matsk\u00e5len, r\u00e4dd f\u00f6r att missa n\u00e4sta portion. Vid veterin\u00e4runders\u00f6kningen visade det sig att hon tack och lov inte var dr\u00e4ktig, men var full av mask och hade \u00f6ronskabb. Tack vare omsorgen i jourhemmet, v\u00e5ra duktiga veterin\u00e4rer och Hill\u00b4s st\u00f6d med anpassat kattfoder f\u00f6r olika individer s\u00e5 \u00e4r Scilla idag en pigg, glad och aktiv kattflicka som har f\u00e5tt ett nytt hem. Vi \u00e4r s\u00e5 tacksamma f\u00f6r att Hill\u00b4s st\u00f6der oss med sitt kvalitetsfoder anpassat till olika katters behov.<\/p>\n","protected":false},"excerpt":{"rendered":"<p>Scilla \u00e4r en av flera katter som tog in fr\u00e5n ett mis\u00e4r\u00e4rende p\u00e5 en g\u00e5rd. D\u00e4r fanns f\u00f6r m\u00e5nga katter som fick f\u00f6r lite och f\u00f6r d\u00e5lig mat. De var okastrerade och hade inte f\u00e5tt n\u00e5gon behandling mot ohyra. Alla katterna som togs in d\u00e4rifr\u00e5n var mycket undern\u00e4rda. N\u00e4r Scilla togs in var hon troligen 7 m\u00e5nader gammal. Hon v\u00e4gde 1,9 kg och var v\u00e4ldigt rund om magen. Hon var&hellip;<\/p>\n<p><a class=\"more-link\" href=\"https:\/\/www.djurskyddet.se\/landskrona\/aktuellt\/stort-tack-till-hills-2\/\" title=\"Continue reading &lsquo;Stort tack till Hill\u00b4s&rsquo;\">L&auml;s mer<span class=\"meta-nav\">&raquo;<\/span><\/a><\/p>\n","protected":false},"author":27,"featured_media":7748,"comment_status":"closed","ping_status":"open","sticky":false,"template":"","format":"standard","meta":{"_acf_changed":false,"footnotes":""},"categories":[24],"tags":[],"class_list":["post-7900","post","type-post","status-publish","format-standard","has-post-thumbnail","hentry","category-aktuellt"],"acf":[],"_links":{"self":[{"href":"https:\/\/www.djurskyddet.se\/landskrona\/wp-json\/wp\/v2\/posts\/7900","targetHints":{"allow":["GET"]}}],"collection":[{"href":"https:\/\/www.djurskyddet.se\/landskrona\/wp-json\/wp\/v2\/posts"}],"about":[{"href":"https:\/\/www.djurskyddet.se\/landskrona\/wp-json\/wp\/v2\/types\/post"}],"author":[{"embeddable":true,"href":"https:\/\/www.djurskyddet.se\/landskrona\/wp-json\/wp\/v2\/users\/27"}],"replies":[{"embeddable":true,"href":"https:\/\/www.djurskyddet.se\/landskrona\/wp-json\/wp\/v2\/comments?post=7900"}],"version-history":[{"count":1,"href":"https:\/\/www.djurskyddet.se\/landskrona\/wp-json\/wp\/v2\/posts\/7900\/revisions"}],"predecessor-version":[{"id":7901,"href":"https:\/\/www.djurskyddet.se\/landskrona\/wp-json\/wp\/v2\/posts\/7900\/revisions\/7901"}],"wp:featuredmedia":[{"embeddable":true,"href":"https:\/\/www.djurskyddet.se\/landskrona\/wp-json\/wp\/v2\/media\/7748"}],"wp:attachment":[{"href":"https:\/\/www.djurskyddet.se\/landskrona\/wp-json\/wp\/v2\/media?parent=7900"}],"wp:term":[{"taxonomy":"category","embeddable":true,"href":"https:\/\/www.djurskyddet.se\/landskrona\/wp-json\/wp\/v2\/categories?post=7900"},{"taxonomy":"post_tag","embeddable":true,"href":"https:\/\/www.djurskyddet.se\/landskrona\/wp-json\/wp\/v2\/tags?post=7900"}],"curies":[{"name":"wp","href":"https:\/\/api.w.org\/{rel}","templated":true}]}}