{"id":7992,"date":"2021-12-14T19:37:00","date_gmt":"2021-12-14T19:37:00","guid":{"rendered":"https:\/\/www.djurskyddet.se\/landskrona\/?p=7992"},"modified":"2022-01-20T19:39:21","modified_gmt":"2022-01-20T19:39:21","slug":"rakel","status":"publish","type":"post","link":"https:\/\/www.djurskyddet.se\/landskrona\/senaste-nytt\/rakel\/","title":{"rendered":"Rakel"},"content":{"rendered":"\n<figure class=\"wp-block-image size-full\"><img loading=\"lazy\" decoding=\"async\" width=\"768\" height=\"1024\" src=\"https:\/\/www.djurskyddet.se\/landskrona\/wp-content\/uploads\/sites\/22\/2022\/01\/Rakel.jpg\" alt=\"\" class=\"wp-image-7993\" srcset=\"https:\/\/www.djurskyddet.se\/landskrona\/wp-content\/uploads\/sites\/22\/2022\/01\/Rakel.jpg 768w, https:\/\/www.djurskyddet.se\/landskrona\/wp-content\/uploads\/sites\/22\/2022\/01\/Rakel-225x300.jpg 225w, https:\/\/www.djurskyddet.se\/landskrona\/wp-content\/uploads\/sites\/22\/2022\/01\/Rakel-400x533.jpg 400w\" sizes=\"auto, (max-width: 768px) 100vw, 768px\" \/><\/figure>\n\n\n\n<p>Nu i tisdags, 14\/12, flyttade Rakel med sin bror Prio till deras nya hem i Trelleborg.<\/p>\n\n\n\n<p>Finns i jourhem i Hofterup, L\u00f6ddek\u00f6pinge.<\/p>\n\n\n\n<p>Rakel \u00e4r tjejen med aptit p\u00e5 livet och allt ska unders\u00f6kas. Leker g\u00e4rna och l\u00e4nge.<\/p>\n","protected":false},"excerpt":{"rendered":"<p>Nu i tisdags, 14\/12, flyttade Rakel med sin bror Prio till deras nya hem i Trelleborg. Finns i jourhem i Hofterup, L\u00f6ddek\u00f6pinge. Rakel \u00e4r tjejen med aptit p\u00e5 livet och allt ska unders\u00f6kas. Leker g\u00e4rna och l\u00e4nge.<\/p>\n","protected":false},"author":27,"featured_media":0,"comment_status":"closed","ping_status":"open","sticky":false,"template":"","format":"standard","meta":{"_acf_changed":false,"footnotes":""},"categories":[18],"tags":[],"class_list":["post-7992","post","type-post","status-publish","format-standard","hentry","category-senaste-nytt"],"acf":[],"_links":{"self":[{"href":"https:\/\/www.djurskyddet.se\/landskrona\/wp-json\/wp\/v2\/posts\/7992","targetHints":{"allow":["GET"]}}],"collection":[{"href":"https:\/\/www.djurskyddet.se\/landskrona\/wp-json\/wp\/v2\/posts"}],"about":[{"href":"https:\/\/www.djurskyddet.se\/landskrona\/wp-json\/wp\/v2\/types\/post"}],"author":[{"embeddable":true,"href":"https:\/\/www.djurskyddet.se\/landskrona\/wp-json\/wp\/v2\/users\/27"}],"replies":[{"embeddable":true,"href":"https:\/\/www.djurskyddet.se\/landskrona\/wp-json\/wp\/v2\/comments?post=7992"}],"version-history":[{"count":1,"href":"https:\/\/www.djurskyddet.se\/landskrona\/wp-json\/wp\/v2\/posts\/7992\/revisions"}],"predecessor-version":[{"id":7994,"href":"https:\/\/www.djurskyddet.se\/landskrona\/wp-json\/wp\/v2\/posts\/7992\/revisions\/7994"}],"wp:attachment":[{"href":"https:\/\/www.djurskyddet.se\/landskrona\/wp-json\/wp\/v2\/media?parent=7992"}],"wp:term":[{"taxonomy":"category","embeddable":true,"href":"https:\/\/www.djurskyddet.se\/landskrona\/wp-json\/wp\/v2\/categories?post=7992"},{"taxonomy":"post_tag","embeddable":true,"href":"https:\/\/www.djurskyddet.se\/landskrona\/wp-json\/wp\/v2\/tags?post=7992"}],"curies":[{"name":"wp","href":"https:\/\/api.w.org\/{rel}","templated":true}]}}