{"id":7998,"date":"2021-12-14T19:44:00","date_gmt":"2021-12-14T19:44:00","guid":{"rendered":"https:\/\/www.djurskyddet.se\/landskrona\/?p=7998"},"modified":"2022-02-15T18:59:59","modified_gmt":"2022-02-15T18:59:59","slug":"prio","status":"publish","type":"post","link":"https:\/\/www.djurskyddet.se\/landskrona\/senaste-nytt\/prio\/","title":{"rendered":"Prio"},"content":{"rendered":"\n<figure class=\"wp-block-image size-full\"><img loading=\"lazy\" decoding=\"async\" width=\"1024\" height=\"894\" src=\"https:\/\/www.djurskyddet.se\/landskrona\/wp-content\/uploads\/sites\/22\/2022\/01\/Prio.jpg\" alt=\"\" class=\"wp-image-7996\" srcset=\"https:\/\/www.djurskyddet.se\/landskrona\/wp-content\/uploads\/sites\/22\/2022\/01\/Prio.jpg 1024w, https:\/\/www.djurskyddet.se\/landskrona\/wp-content\/uploads\/sites\/22\/2022\/01\/Prio-300x262.jpg 300w, https:\/\/www.djurskyddet.se\/landskrona\/wp-content\/uploads\/sites\/22\/2022\/01\/Prio-768x671.jpg 768w, https:\/\/www.djurskyddet.se\/landskrona\/wp-content\/uploads\/sites\/22\/2022\/01\/Prio-400x349.jpg 400w\" sizes=\"auto, (max-width: 1024px) 100vw, 1024px\" \/><\/figure>\n\n\n\n<p>Nu i tisdags, 14\/12, flyttade lilla Prio med sin syster Rakel till sitt nya hem i Trelleborg.<\/p>\n\n\n\n<p>Finns i jourhem i Hofterup, L\u00f6ddek\u00f6pinge.<\/p>\n\n\n\n<p>Prio pratar g\u00e4rna och h\u00f6gt. Leker hellre \u00e4n \u00e4ter och gillar oftast att leva livet i 190 knyck.<\/p>\n","protected":false},"excerpt":{"rendered":"<p>Nu i tisdags, 14\/12, flyttade lilla Prio med sin syster Rakel till sitt nya hem i Trelleborg. Finns i jourhem i Hofterup, L\u00f6ddek\u00f6pinge. Prio pratar g\u00e4rna och h\u00f6gt. Leker hellre \u00e4n \u00e4ter och gillar oftast att leva livet i 190 knyck.<\/p>\n","protected":false},"author":27,"featured_media":0,"comment_status":"closed","ping_status":"open","sticky":false,"template":"","format":"standard","meta":{"_acf_changed":false,"footnotes":""},"categories":[18],"tags":[],"class_list":["post-7998","post","type-post","status-publish","format-standard","hentry","category-senaste-nytt"],"acf":[],"_links":{"self":[{"href":"https:\/\/www.djurskyddet.se\/landskrona\/wp-json\/wp\/v2\/posts\/7998","targetHints":{"allow":["GET"]}}],"collection":[{"href":"https:\/\/www.djurskyddet.se\/landskrona\/wp-json\/wp\/v2\/posts"}],"about":[{"href":"https:\/\/www.djurskyddet.se\/landskrona\/wp-json\/wp\/v2\/types\/post"}],"author":[{"embeddable":true,"href":"https:\/\/www.djurskyddet.se\/landskrona\/wp-json\/wp\/v2\/users\/27"}],"replies":[{"embeddable":true,"href":"https:\/\/www.djurskyddet.se\/landskrona\/wp-json\/wp\/v2\/comments?post=7998"}],"version-history":[{"count":1,"href":"https:\/\/www.djurskyddet.se\/landskrona\/wp-json\/wp\/v2\/posts\/7998\/revisions"}],"predecessor-version":[{"id":7999,"href":"https:\/\/www.djurskyddet.se\/landskrona\/wp-json\/wp\/v2\/posts\/7998\/revisions\/7999"}],"wp:attachment":[{"href":"https:\/\/www.djurskyddet.se\/landskrona\/wp-json\/wp\/v2\/media?parent=7998"}],"wp:term":[{"taxonomy":"category","embeddable":true,"href":"https:\/\/www.djurskyddet.se\/landskrona\/wp-json\/wp\/v2\/categories?post=7998"},{"taxonomy":"post_tag","embeddable":true,"href":"https:\/\/www.djurskyddet.se\/landskrona\/wp-json\/wp\/v2\/tags?post=7998"}],"curies":[{"name":"wp","href":"https:\/\/api.w.org\/{rel}","templated":true}]}}