{"id":8053,"date":"2021-09-19T18:35:00","date_gmt":"2021-09-19T18:35:00","guid":{"rendered":"https:\/\/www.djurskyddet.se\/landskrona\/?p=8053"},"modified":"2022-02-15T18:37:37","modified_gmt":"2022-02-15T18:37:37","slug":"ebba","status":"publish","type":"post","link":"https:\/\/www.djurskyddet.se\/landskrona\/senaste-nytt\/ebba\/","title":{"rendered":"Ebba"},"content":{"rendered":"\n<figure class=\"wp-block-image size-full\"><img loading=\"lazy\" decoding=\"async\" width=\"640\" height=\"480\" src=\"https:\/\/www.djurskyddet.se\/landskrona\/wp-content\/uploads\/sites\/22\/2022\/02\/Ebba2.jpg\" alt=\"\" class=\"wp-image-8054\" srcset=\"https:\/\/www.djurskyddet.se\/landskrona\/wp-content\/uploads\/sites\/22\/2022\/02\/Ebba2.jpg 640w, https:\/\/www.djurskyddet.se\/landskrona\/wp-content\/uploads\/sites\/22\/2022\/02\/Ebba2-300x225.jpg 300w, https:\/\/www.djurskyddet.se\/landskrona\/wp-content\/uploads\/sites\/22\/2022\/02\/Ebba2-400x300.jpg 400w\" sizes=\"auto, (max-width: 640px) 100vw, 640px\" \/><\/figure>\n\n\n\n<p>Idag 19\/9 fick lilla Ebba flytta till sitt nya hem i Landskrona. Lycka till Ebba!<\/p>\n\n\n\n<p>Ebba finns i jourhem i Landskrona.<br>Denna fina, tama, katthona d\u00f6k upp vid Bildeve 12 maj. Vi har d\u00f6pt henne till Ebba.\u00a0Hon \u00e4r redo f\u00f6r adoption. Nu \u00e4r hon kastrerad, vaccinerad 1 g\u00e5ng (2:a vaccinering 2\/8) och chippad. Ebba \u00e4r troligen 2-3 \u00e5r gammal. Hon \u00e4r lite f\u00f6rsiktig i b\u00f6rjan med nya m\u00e4nniskor men i jourhemmet f\u00f6ljer hon ofta med runt i l\u00e4genheten och \u00e4r ganska &#8217;pratig&#8217; med olika sm\u00e5 ljud. Hon tycker inte om att ligga i kn\u00e4et men ligger g\u00e4rna och spinner precis intill en, eller hopkrupen p\u00e5 ens arm. Att bli kliad under hakan och p\u00e5 br\u00f6stet brukar vara v\u00e4ldigt uppskattat. Emellan\u00e5t \u00e4r hon full av energi och favoritleksaken \u00e4r ett sn\u00f6re med papperstuss.<\/p>\n","protected":false},"excerpt":{"rendered":"<p>Idag 19\/9 fick lilla Ebba flytta till sitt nya hem i Landskrona. Lycka till Ebba! Ebba finns i jourhem i Landskrona.Denna fina, tama, katthona d\u00f6k upp vid Bildeve 12 maj. Vi har d\u00f6pt henne till Ebba.\u00a0Hon \u00e4r redo f\u00f6r adoption. Nu \u00e4r hon kastrerad, vaccinerad 1 g\u00e5ng (2:a vaccinering 2\/8) och chippad. Ebba \u00e4r troligen 2-3 \u00e5r gammal. Hon \u00e4r lite f\u00f6rsiktig i b\u00f6rjan med nya m\u00e4nniskor men i jourhemmet&hellip;<\/p>\n<p><a class=\"more-link\" href=\"https:\/\/www.djurskyddet.se\/landskrona\/senaste-nytt\/ebba\/\" title=\"Continue reading &lsquo;Ebba&rsquo;\">L&auml;s mer<span class=\"meta-nav\">&raquo;<\/span><\/a><\/p>\n","protected":false},"author":27,"featured_media":0,"comment_status":"closed","ping_status":"open","sticky":false,"template":"","format":"standard","meta":{"_acf_changed":false,"footnotes":""},"categories":[18],"tags":[],"class_list":["post-8053","post","type-post","status-publish","format-standard","hentry","category-senaste-nytt"],"acf":[],"_links":{"self":[{"href":"https:\/\/www.djurskyddet.se\/landskrona\/wp-json\/wp\/v2\/posts\/8053","targetHints":{"allow":["GET"]}}],"collection":[{"href":"https:\/\/www.djurskyddet.se\/landskrona\/wp-json\/wp\/v2\/posts"}],"about":[{"href":"https:\/\/www.djurskyddet.se\/landskrona\/wp-json\/wp\/v2\/types\/post"}],"author":[{"embeddable":true,"href":"https:\/\/www.djurskyddet.se\/landskrona\/wp-json\/wp\/v2\/users\/27"}],"replies":[{"embeddable":true,"href":"https:\/\/www.djurskyddet.se\/landskrona\/wp-json\/wp\/v2\/comments?post=8053"}],"version-history":[{"count":1,"href":"https:\/\/www.djurskyddet.se\/landskrona\/wp-json\/wp\/v2\/posts\/8053\/revisions"}],"predecessor-version":[{"id":8055,"href":"https:\/\/www.djurskyddet.se\/landskrona\/wp-json\/wp\/v2\/posts\/8053\/revisions\/8055"}],"wp:attachment":[{"href":"https:\/\/www.djurskyddet.se\/landskrona\/wp-json\/wp\/v2\/media?parent=8053"}],"wp:term":[{"taxonomy":"category","embeddable":true,"href":"https:\/\/www.djurskyddet.se\/landskrona\/wp-json\/wp\/v2\/categories?post=8053"},{"taxonomy":"post_tag","embeddable":true,"href":"https:\/\/www.djurskyddet.se\/landskrona\/wp-json\/wp\/v2\/tags?post=8053"}],"curies":[{"name":"wp","href":"https:\/\/api.w.org\/{rel}","templated":true}]}}