{"id":8061,"date":"2021-09-12T18:48:00","date_gmt":"2021-09-12T18:48:00","guid":{"rendered":"https:\/\/www.djurskyddet.se\/landskrona\/?p=8061"},"modified":"2022-02-15T18:55:11","modified_gmt":"2022-02-15T18:55:11","slug":"angela-merkel-2","status":"publish","type":"post","link":"https:\/\/www.djurskyddet.se\/landskrona\/senaste-nytt\/angela-merkel-2\/","title":{"rendered":"Angela Merkel"},"content":{"rendered":"\n<figure class=\"wp-block-image size-full\"><img loading=\"lazy\" decoding=\"async\" width=\"538\" height=\"717\" src=\"https:\/\/www.djurskyddet.se\/landskrona\/wp-content\/uploads\/sites\/22\/2022\/02\/Angela-Merkel2.jpg\" alt=\"\" class=\"wp-image-8062\" srcset=\"https:\/\/www.djurskyddet.se\/landskrona\/wp-content\/uploads\/sites\/22\/2022\/02\/Angela-Merkel2.jpg 538w, https:\/\/www.djurskyddet.se\/landskrona\/wp-content\/uploads\/sites\/22\/2022\/02\/Angela-Merkel2-225x300.jpg 225w, https:\/\/www.djurskyddet.se\/landskrona\/wp-content\/uploads\/sites\/22\/2022\/02\/Angela-Merkel2-400x533.jpg 400w\" sizes=\"auto, (max-width: 538px) 100vw, 538px\" \/><\/figure>\n\n\n\n<p>Ig\u00e5r k\u00f6rde vi fina Angela Merkel till sitt nya hem i Klippan. Vi tog in henne eftersom hennes behov inte kunde tillfredsst\u00e4llas i hemmet hon var i, och vi hade en intresseanm\u00e4lan som passade henne perfekt. Lycka till i ditt nya hem Angela!<\/p>\n","protected":false},"excerpt":{"rendered":"<p>Ig\u00e5r k\u00f6rde vi fina Angela Merkel till sitt nya hem i Klippan. Vi tog in henne eftersom hennes behov inte kunde tillfredsst\u00e4llas i hemmet hon var i, och vi hade en intresseanm\u00e4lan som passade henne perfekt. Lycka till i ditt nya hem Angela!<\/p>\n","protected":false},"author":27,"featured_media":0,"comment_status":"closed","ping_status":"open","sticky":false,"template":"","format":"standard","meta":{"_acf_changed":false,"footnotes":""},"categories":[18],"tags":[],"class_list":["post-8061","post","type-post","status-publish","format-standard","hentry","category-senaste-nytt"],"acf":[],"_links":{"self":[{"href":"https:\/\/www.djurskyddet.se\/landskrona\/wp-json\/wp\/v2\/posts\/8061","targetHints":{"allow":["GET"]}}],"collection":[{"href":"https:\/\/www.djurskyddet.se\/landskrona\/wp-json\/wp\/v2\/posts"}],"about":[{"href":"https:\/\/www.djurskyddet.se\/landskrona\/wp-json\/wp\/v2\/types\/post"}],"author":[{"embeddable":true,"href":"https:\/\/www.djurskyddet.se\/landskrona\/wp-json\/wp\/v2\/users\/27"}],"replies":[{"embeddable":true,"href":"https:\/\/www.djurskyddet.se\/landskrona\/wp-json\/wp\/v2\/comments?post=8061"}],"version-history":[{"count":1,"href":"https:\/\/www.djurskyddet.se\/landskrona\/wp-json\/wp\/v2\/posts\/8061\/revisions"}],"predecessor-version":[{"id":8063,"href":"https:\/\/www.djurskyddet.se\/landskrona\/wp-json\/wp\/v2\/posts\/8061\/revisions\/8063"}],"wp:attachment":[{"href":"https:\/\/www.djurskyddet.se\/landskrona\/wp-json\/wp\/v2\/media?parent=8061"}],"wp:term":[{"taxonomy":"category","embeddable":true,"href":"https:\/\/www.djurskyddet.se\/landskrona\/wp-json\/wp\/v2\/categories?post=8061"},{"taxonomy":"post_tag","embeddable":true,"href":"https:\/\/www.djurskyddet.se\/landskrona\/wp-json\/wp\/v2\/tags?post=8061"}],"curies":[{"name":"wp","href":"https:\/\/api.w.org\/{rel}","templated":true}]}}