{"id":8071,"date":"2021-12-19T19:09:00","date_gmt":"2021-12-19T19:09:00","guid":{"rendered":"https:\/\/www.djurskyddet.se\/landskrona\/?p=8071"},"modified":"2022-02-15T19:11:50","modified_gmt":"2022-02-15T19:11:50","slug":"smilla","status":"publish","type":"post","link":"https:\/\/www.djurskyddet.se\/landskrona\/senaste-nytt\/smilla\/","title":{"rendered":"Smilla"},"content":{"rendered":"\n<figure class=\"wp-block-image size-full\"><img loading=\"lazy\" decoding=\"async\" width=\"821\" height=\"1024\" src=\"https:\/\/www.djurskyddet.se\/landskrona\/wp-content\/uploads\/sites\/22\/2022\/02\/Smilla.jpg\" alt=\"\" class=\"wp-image-8072\" srcset=\"https:\/\/www.djurskyddet.se\/landskrona\/wp-content\/uploads\/sites\/22\/2022\/02\/Smilla.jpg 821w, https:\/\/www.djurskyddet.se\/landskrona\/wp-content\/uploads\/sites\/22\/2022\/02\/Smilla-241x300.jpg 241w, https:\/\/www.djurskyddet.se\/landskrona\/wp-content\/uploads\/sites\/22\/2022\/02\/Smilla-768x958.jpg 768w, https:\/\/www.djurskyddet.se\/landskrona\/wp-content\/uploads\/sites\/22\/2022\/02\/Smilla-400x499.jpg 400w\" sizes=\"auto, (max-width: 821px) 100vw, 821px\" \/><\/figure>\n\n\n\n<p>Idag, 19\/12, har Smilla flyttat till sitt nya hem i Sankt Olof, Simrishamn.<\/p>\n\n\n\n<p>Smilla finns i jourhem i Hofterup.<\/p>\n\n\n\n<p>Smilla togs in 11\/9 h\u00f6gdr\u00e4ktig och f\u00f6dde sina 4 ungar i jourhemmet 14\/9. Ungarna, Rakel, Prio, Sierra och Tango. Hon tog \u00e4ven till sig Romeo fr\u00e5n en annan katthona.<br>Smilla \u00e4r v\u00e4rldens sn\u00e4llaste katt och mamma.<br>Lite reserverad i b\u00f6rjan och inte \u00f6verf\u00f6rtjust i m\u00e4n eller dammsugaren.<br>\u00c4lskar att mysa p\u00e5 sina premisser och blir g\u00e4rna klappad i ansiktet. Att bli buren tillh\u00f6r inte favoriten men en kortare stund g\u00e5r.<br>\u00c4lskar godis och helt galen i kokt torsk.<\/p>\n","protected":false},"excerpt":{"rendered":"<p>Idag, 19\/12, har Smilla flyttat till sitt nya hem i Sankt Olof, Simrishamn. Smilla finns i jourhem i Hofterup. Smilla togs in 11\/9 h\u00f6gdr\u00e4ktig och f\u00f6dde sina 4 ungar i jourhemmet 14\/9. Ungarna, Rakel, Prio, Sierra och Tango. Hon tog \u00e4ven till sig Romeo fr\u00e5n en annan katthona.Smilla \u00e4r v\u00e4rldens sn\u00e4llaste katt och mamma.Lite reserverad i b\u00f6rjan och inte \u00f6verf\u00f6rtjust i m\u00e4n eller dammsugaren.\u00c4lskar att mysa p\u00e5 sina premisser och&hellip;<\/p>\n<p><a class=\"more-link\" href=\"https:\/\/www.djurskyddet.se\/landskrona\/senaste-nytt\/smilla\/\" title=\"Continue reading &lsquo;Smilla&rsquo;\">L&auml;s mer<span class=\"meta-nav\">&raquo;<\/span><\/a><\/p>\n","protected":false},"author":27,"featured_media":0,"comment_status":"closed","ping_status":"open","sticky":false,"template":"","format":"standard","meta":{"_acf_changed":false,"footnotes":""},"categories":[18],"tags":[],"class_list":["post-8071","post","type-post","status-publish","format-standard","hentry","category-senaste-nytt"],"acf":[],"_links":{"self":[{"href":"https:\/\/www.djurskyddet.se\/landskrona\/wp-json\/wp\/v2\/posts\/8071","targetHints":{"allow":["GET"]}}],"collection":[{"href":"https:\/\/www.djurskyddet.se\/landskrona\/wp-json\/wp\/v2\/posts"}],"about":[{"href":"https:\/\/www.djurskyddet.se\/landskrona\/wp-json\/wp\/v2\/types\/post"}],"author":[{"embeddable":true,"href":"https:\/\/www.djurskyddet.se\/landskrona\/wp-json\/wp\/v2\/users\/27"}],"replies":[{"embeddable":true,"href":"https:\/\/www.djurskyddet.se\/landskrona\/wp-json\/wp\/v2\/comments?post=8071"}],"version-history":[{"count":1,"href":"https:\/\/www.djurskyddet.se\/landskrona\/wp-json\/wp\/v2\/posts\/8071\/revisions"}],"predecessor-version":[{"id":8073,"href":"https:\/\/www.djurskyddet.se\/landskrona\/wp-json\/wp\/v2\/posts\/8071\/revisions\/8073"}],"wp:attachment":[{"href":"https:\/\/www.djurskyddet.se\/landskrona\/wp-json\/wp\/v2\/media?parent=8071"}],"wp:term":[{"taxonomy":"category","embeddable":true,"href":"https:\/\/www.djurskyddet.se\/landskrona\/wp-json\/wp\/v2\/categories?post=8071"},{"taxonomy":"post_tag","embeddable":true,"href":"https:\/\/www.djurskyddet.se\/landskrona\/wp-json\/wp\/v2\/tags?post=8071"}],"curies":[{"name":"wp","href":"https:\/\/api.w.org\/{rel}","templated":true}]}}